{"id":5443,"date":"2026-03-16T17:40:46","date_gmt":"2026-03-16T16:40:46","guid":{"rendered":"https:\/\/www.utbildningsforetagen.se\/?p=5443"},"modified":"2026-03-16T17:40:47","modified_gmt":"2026-03-16T16:40:47","slug":"annette-liffner-tuc-yrkeshogskola","status":"publish","type":"post","link":"https:\/\/www.utbildningsforetagen.se\/2026\/03\/annette-liffner-tuc-yrkeshogskola\/","title":{"rendered":"Annette Liffner, TUC Yrkesh\u00f6gskola"},"content":{"rendered":"<p class=\"p1\">\u201cAuktorisationen \u00e4r ett kvitto p\u00e5 att v\u00e5ra utbildningar h\u00e5ller h\u00f6g kvalitet och att vi bedriver ett strukturerat och systematiskt kvalitetsarbete. Den st\u00e4rker f\u00f6rtroendet f\u00f6r v\u00e5r verksamhet hos b\u00e5de studerande, medarbetare och n\u00e4ringsliv,\u201d s\u00e4ger Annette Liffner, kvalitets- och utvecklingsansvarig p\u00e5 det auktoriserade utbildningsf\u00f6retaget TUC Yrkesh\u00f6gskola.<\/p>\n\n<p><strong>Vad har du f\u00f6r bakgrund?<\/strong><\/p>\n\n\n\n<p>\u2013 Jag har arbetat inom yrkesh\u00f6gskolan i n\u00e4stan tre decennier. En utbildningsform jag verkligen fastnade f\u00f6r tidigt. Det h\u00e4nder n\u00e5got speciellt n\u00e4r utbildning skapas s\u00e5 n\u00e4ra arbetslivet och man ser vad det betyder f\u00f6r individers framtid.<\/p>\n\n\n\n<p>&#8211; Under \u00e5ren har jag hunnit prova m\u00e5nga roller: utbildare, utbildningsledare, aff\u00e4rsstrateg, utbildningsansvarig och nu kvalitetsansvarig p\u00e5 TUC. Varje roll har l\u00e4rt mig n\u00e5got nytt om b\u00e5de m\u00e4nniskor och organisationer, och det \u00e4r kanske d\u00e4rf\u00f6r jag aldrig velat l\u00e4mna YH\u2011v\u00e4rlden.<\/p>\n\n\n\n<p>&#8211; Jag har alltid haft ett stort behov av att f\u00f6rst\u00e5 mer och l\u00e4ra nytt, s\u00e5 jag har fyllt p\u00e5 med studier i ekonomi, pedagogik, ledarskap, organisationsutveckling och senast kvalitetsutveckling. Att utvecklas sj\u00e4lv \u00e4r lika viktigt f\u00f6r mig som att f\u00e5 vara en del av andras utveckling.<\/p>\n\n\n\n<p>&#8211; Jag har \u00e4ven varit engagerad i styrelsen i Yrkesh\u00f6gskolef\u00f6rbundet och idag arbetar jag i valberedningen. Genom \u00e5ren har jag deltagit i olika internationella projekt kopplat till Yrkesh\u00f6gskolan.<\/p>\n\n\n\n<p><strong>Vad \u00e4r din drivkraft i ditt arbete?<\/strong><\/p>\n\n\n\n<p>\u2013 Det som driver mig \u00e4r att vi varje dag ger m\u00e4nniskor m\u00f6jligheten att ta n\u00e4sta steg i sin karri\u00e4r och n\u00e5 ett kvalificerat yrke som verkligen efterfr\u00e5gas p\u00e5 arbetsmarknaden.<\/p>\n\n\n\n<p>&#8211; Samtidigt motiveras jag av sj\u00e4lva hantverket bakom kvalitet. Att dagligen arbeta med att f\u00f6rb\u00e4ttra processer, st\u00e4rka utbildningar och skapa trygghet och tydlighet i organisationen \u2013 det \u00e4r n\u00e5got jag tycker om p\u00e5 riktigt. Det \u00e4r roligt n\u00e4r kvalitet inte bara \u00e4r dokument, utan faktiskt m\u00e4rks i resultatet.<\/p>\n\n\n\n<p><strong>Vad g\u00f6r ni p\u00e5 TUC Yrkesh\u00f6gskola?<\/strong><\/p>\n\n\n\n<p>\u2013 TUC Yrkesh\u00f6gskola \u00e4r en av de st\u00f6rsta anordnare inom Yrkesh\u00f6gskolan. Vi bedriver YH-program, kurser inom YH och YH-flex. Det g\u00f6r att vi kan m\u00f6ta m\u00e4nniskor i olika skeden av livet \u2013 oavsett om de st\u00e5r inf\u00f6r ett karri\u00e4rbyte eller beh\u00f6ver fylla p\u00e5 med ny kompetens.<\/p>\n\n\n\n<p>&#8211; I min roll som kvalitetsansvarig arbetar jag tillsammans med fantastiska kollegor som brinner f\u00f6r samma sak som jag. Vi f\u00f6ljer upp, analyserar, f\u00f6rb\u00e4ttrar och hittar nya l\u00f6sningar. Vi arbetar med internrevisioner, v\u00e4rderar beslut fr\u00e5n MYH:s granskningar, utvecklar processer i v\u00e5rt ledningssystem och f\u00f6ljer v\u00e5ra nyckeltal f\u00f6r att f\u00f6rst\u00e5 hur vi kan bli \u00e4nnu b\u00e4ttre.<\/p>\n\n\n\n<p>&#8211; Det kanske l\u00e5ter tekniskt \u2013 men i grunden handlar det om n\u00e5got v\u00e4ldigt m\u00e4nskligt: att skapa trygghet, tydlighet och kvalitet f\u00f6r v\u00e5ra studerande och v\u00e5ra samverkanspartners.<\/p>\n\n\n\n<p><strong>Varf\u00f6r \u00e4r auktorisationen viktig f\u00f6r er?<\/strong><\/p>\n\n\n\n<p>\u2013 Auktorisationen \u00e4r ett kvitto p\u00e5 att v\u00e5ra utbildningar h\u00e5ller h\u00f6g kvalitet och att vi bedriver ett strukturerat och systematiskt kvalitetsarbete.<\/p>\n\n\n\n<p>&#8211; F\u00f6r oss \u00e4r det viktigt att visa att vi inte bara f\u00f6ljer regelverk och riktlinjer, utan att vi aktivt arbetar f\u00f6r att f\u00f6rb\u00e4ttra v\u00e5ra processer, rutiner och resultat. Auktorisationen st\u00e4rker v\u00e5rt f\u00f6rtroende gentemot studerande, medarbetare och n\u00e4ringslivet \u2013 och \u00e4r en viktig del i att vara ett framg\u00e5ngsrikt utbildningsf\u00f6retag.<\/p>\n\n\n\n<p><strong>Hur ser du p\u00e5 framtiden f\u00f6r branschen?<\/strong><\/p>\n\n\n\n<p>\u2013 Jag ser en framtid d\u00e4r kompetensutveckling blir helt avg\u00f6rande. Digitalisering, AI och nya yrkesroller f\u00f6r\u00e4ndrar arbetsmarknaden i en takt som vi aldrig sett tidigare. Det skapar ett stort behov av m\u00f6jligheter att st\u00e4lla om \u2013 inte bara f\u00f6r unga, utan \u00e4ven f\u00f6r m\u00e4nniskor mitt i livet.<\/p>\n\n\n\n<p>&#8211; Det \u00e4r just d\u00e4rf\u00f6r jag tror att yrkesh\u00f6gskolan har en s\u00e5 stark roll fram\u00f6ver. V\u00e5ra utbildningar \u00e4r flexibla, n\u00e4ra arbetslivet och formade efter verkliga behov. Det \u00e4r precis den typen av utbildning m\u00e4nniskor beh\u00f6ver f\u00f6r att k\u00e4nna trygghet i f\u00f6r\u00e4ndring.<\/p>\n\n\n\n<p>&#8211; F\u00f6r oss som anordnare handlar framtiden om att forts\u00e4tta vara lyh\u00f6rda, modiga och nyfikna. Vi m\u00e5ste v\u00e5ga utvecklas i samma takt som omv\u00e4rlden \u2013 och det \u00e4r en utmaning jag ser fram emot.<\/p>\n\n\n\n<p><a class=\"button\" href=\"http:\/\/www.utbildningsforetagen.se\/auktorisation\/ansok-om-medlemskap-och-auktorisation\/\">Vill du veta mer om auktorisationen?<\/a><\/p>\n\n\n\n<p><\/p>\n","protected":false},"excerpt":{"rendered":"<p>Vad har du f\u00f6r bakgrund? \u2013 Jag har arbetat inom yrkesh\u00f6gskolan i n\u00e4stan tre decennier. En utbildningsform jag verkligen fastnade f\u00f6r tidigt. Det h\u00e4nder n\u00e5got speciellt n\u00e4r utbildning skapas s\u00e5 n\u00e4ra arbetslivet och man ser &hellip;<\/p>\n","protected":false},"author":212,"featured_media":5444,"comment_status":"closed","ping_status":"closed","sticky":false,"template":"","format":"standard","meta":{"_acf_changed":false,"footnotes":""},"categories":[6],"tags":[],"article_type":[],"agreement":[],"for-members":[],"class_list":["post-5443","post","type-post","status-publish","format-standard","has-post-thumbnail","hentry","category-auktoriserat-medlemsforetag"],"acf":[],"yoast_head":"<!-- This site is optimized with the Yoast SEO plugin v26.8 - https:\/\/yoast.com\/product\/yoast-seo-wordpress\/ -->\n<title>Annette Liffner, TUC Yrkesh\u00f6gskola - Utbildningsf\u00f6retagen<\/title>\n<meta name=\"description\" content=\"\u201cAuktorisationen \u00e4r ett kvitto p\u00e5 att v\u00e5ra utbildningar h\u00e5ller h\u00f6g kvalitet och att vi bedriver ett strukturerat och systematiskt kvalitetsarbete. Den st\u00e4rker f\u00f6rtroendet f\u00f6r v\u00e5r verksamhet hos b\u00e5de studerande, medarbetare och n\u00e4ringsliv,\u201d s\u00e4ger Annette Liffner, kvalitets- och utvecklingsansvarig p\u00e5 det auktoriserade utbildningsf\u00f6retaget TUC Yrkesh\u00f6gskola.\" \/>\n<meta name=\"robots\" content=\"index, follow, max-snippet:-1, max-image-preview:large, max-video-preview:-1\" \/>\n<link rel=\"canonical\" href=\"https:\/\/www.utbildningsforetagen.se\/2026\/03\/annette-liffner-tuc-yrkeshogskola\/\" \/>\n<meta property=\"og:locale\" content=\"sv_SE\" \/>\n<meta property=\"og:type\" content=\"article\" \/>\n<meta property=\"og:title\" content=\"Annette Liffner, TUC Yrkesh\u00f6gskola - Utbildningsf\u00f6retagen\" \/>\n<meta property=\"og:description\" content=\"\u201cAuktorisationen \u00e4r ett kvitto p\u00e5 att v\u00e5ra utbildningar h\u00e5ller h\u00f6g kvalitet och att vi bedriver ett strukturerat och systematiskt kvalitetsarbete. Den st\u00e4rker f\u00f6rtroendet f\u00f6r v\u00e5r verksamhet hos b\u00e5de studerande, medarbetare och n\u00e4ringsliv,\u201d s\u00e4ger Annette Liffner, kvalitets- och utvecklingsansvarig p\u00e5 det auktoriserade utbildningsf\u00f6retaget TUC Yrkesh\u00f6gskola.\" \/>\n<meta property=\"og:url\" content=\"https:\/\/www.utbildningsforetagen.se\/2026\/03\/annette-liffner-tuc-yrkeshogskola\/\" \/>\n<meta property=\"og:site_name\" content=\"Utbildningsf\u00f6retagen\" \/>\n<meta property=\"article:published_time\" content=\"2026-03-16T16:40:46+00:00\" \/>\n<meta property=\"article:modified_time\" content=\"2026-03-16T16:40:47+00:00\" \/>\n<meta property=\"og:image\" content=\"https:\/\/www.utbildningsforetagen.se\/app\/uploads\/sites\/7\/2026\/03\/annette_liffner.jpg\" \/>\n\t<meta property=\"og:image:width\" content=\"355\" \/>\n\t<meta property=\"og:image:height\" content=\"461\" \/>\n\t<meta property=\"og:image:type\" content=\"image\/jpeg\" \/>\n<meta name=\"author\" content=\"Johan Winsborn\" \/>\n<meta name=\"twitter:card\" content=\"summary_large_image\" \/>\n<meta name=\"twitter:label1\" content=\"Skriven av\" \/>\n\t<meta name=\"twitter:data1\" content=\"Johan Winsborn\" \/>\n\t<meta name=\"twitter:label2\" content=\"Ber\u00e4knad l\u00e4stid\" \/>\n\t<meta name=\"twitter:data2\" content=\"4 minuter\" \/>\n<!-- \/ Yoast SEO plugin. -->","yoast_head_json":{"title":"Annette Liffner, TUC Yrkesh\u00f6gskola - Utbildningsf\u00f6retagen","description":"\u201cAuktorisationen \u00e4r ett kvitto p\u00e5 att v\u00e5ra utbildningar h\u00e5ller h\u00f6g kvalitet och att vi bedriver ett strukturerat och systematiskt kvalitetsarbete. Den st\u00e4rker f\u00f6rtroendet f\u00f6r v\u00e5r verksamhet hos b\u00e5de studerande, medarbetare och n\u00e4ringsliv,\u201d s\u00e4ger Annette Liffner, kvalitets- och utvecklingsansvarig p\u00e5 det auktoriserade utbildningsf\u00f6retaget TUC Yrkesh\u00f6gskola.","robots":{"index":"index","follow":"follow","max-snippet":"max-snippet:-1","max-image-preview":"max-image-preview:large","max-video-preview":"max-video-preview:-1"},"canonical":"https:\/\/www.utbildningsforetagen.se\/2026\/03\/annette-liffner-tuc-yrkeshogskola\/","og_locale":"sv_SE","og_type":"article","og_title":"Annette Liffner, TUC Yrkesh\u00f6gskola - Utbildningsf\u00f6retagen","og_description":"\u201cAuktorisationen \u00e4r ett kvitto p\u00e5 att v\u00e5ra utbildningar h\u00e5ller h\u00f6g kvalitet och att vi bedriver ett strukturerat och systematiskt kvalitetsarbete. Den st\u00e4rker f\u00f6rtroendet f\u00f6r v\u00e5r verksamhet hos b\u00e5de studerande, medarbetare och n\u00e4ringsliv,\u201d s\u00e4ger Annette Liffner, kvalitets- och utvecklingsansvarig p\u00e5 det auktoriserade utbildningsf\u00f6retaget TUC Yrkesh\u00f6gskola.","og_url":"https:\/\/www.utbildningsforetagen.se\/2026\/03\/annette-liffner-tuc-yrkeshogskola\/","og_site_name":"Utbildningsf\u00f6retagen","article_published_time":"2026-03-16T16:40:46+00:00","article_modified_time":"2026-03-16T16:40:47+00:00","og_image":[{"width":355,"height":461,"url":"https:\/\/www.utbildningsforetagen.se\/app\/uploads\/sites\/7\/2026\/03\/annette_liffner.jpg","type":"image\/jpeg"}],"author":"Johan Winsborn","twitter_card":"summary_large_image","twitter_misc":{"Skriven av":"Johan Winsborn","Ber\u00e4knad l\u00e4stid":"4 minuter"},"schema":{"@context":"https:\/\/schema.org","@graph":[{"@type":"Article","@id":"https:\/\/www.utbildningsforetagen.se\/2026\/03\/annette-liffner-tuc-yrkeshogskola\/#article","isPartOf":{"@id":"https:\/\/www.utbildningsforetagen.se\/2026\/03\/annette-liffner-tuc-yrkeshogskola\/"},"author":{"name":"Johan Winsborn","@id":"https:\/\/www.utbildningsforetagen.se\/#\/schema\/person\/2f21060ff5c11749c74927be755ab12f"},"headline":"Annette Liffner, TUC Yrkesh\u00f6gskola","datePublished":"2026-03-16T16:40:46+00:00","dateModified":"2026-03-16T16:40:47+00:00","mainEntityOfPage":{"@id":"https:\/\/www.utbildningsforetagen.se\/2026\/03\/annette-liffner-tuc-yrkeshogskola\/"},"wordCount":698,"image":{"@id":"https:\/\/www.utbildningsforetagen.se\/2026\/03\/annette-liffner-tuc-yrkeshogskola\/#primaryimage"},"thumbnailUrl":"https:\/\/www.utbildningsforetagen.se\/app\/uploads\/sites\/7\/2026\/03\/annette_liffner.jpg","articleSection":["Auktoriserat medlemsf\u00f6retag"],"inLanguage":"sv-SE"},{"@type":"WebPage","@id":"https:\/\/www.utbildningsforetagen.se\/2026\/03\/annette-liffner-tuc-yrkeshogskola\/","url":"https:\/\/www.utbildningsforetagen.se\/2026\/03\/annette-liffner-tuc-yrkeshogskola\/","name":"Annette Liffner, TUC Yrkesh\u00f6gskola - Utbildningsf\u00f6retagen","isPartOf":{"@id":"https:\/\/www.utbildningsforetagen.se\/#website"},"primaryImageOfPage":{"@id":"https:\/\/www.utbildningsforetagen.se\/2026\/03\/annette-liffner-tuc-yrkeshogskola\/#primaryimage"},"image":{"@id":"https:\/\/www.utbildningsforetagen.se\/2026\/03\/annette-liffner-tuc-yrkeshogskola\/#primaryimage"},"thumbnailUrl":"https:\/\/www.utbildningsforetagen.se\/app\/uploads\/sites\/7\/2026\/03\/annette_liffner.jpg","datePublished":"2026-03-16T16:40:46+00:00","dateModified":"2026-03-16T16:40:47+00:00","author":{"@id":"https:\/\/www.utbildningsforetagen.se\/#\/schema\/person\/2f21060ff5c11749c74927be755ab12f"},"description":"\u201cAuktorisationen \u00e4r ett kvitto p\u00e5 att v\u00e5ra utbildningar h\u00e5ller h\u00f6g kvalitet och att vi bedriver ett strukturerat och systematiskt kvalitetsarbete. Den st\u00e4rker f\u00f6rtroendet f\u00f6r v\u00e5r verksamhet hos b\u00e5de studerande, medarbetare och n\u00e4ringsliv,\u201d s\u00e4ger Annette Liffner, kvalitets- och utvecklingsansvarig p\u00e5 det auktoriserade utbildningsf\u00f6retaget TUC Yrkesh\u00f6gskola.","breadcrumb":{"@id":"https:\/\/www.utbildningsforetagen.se\/2026\/03\/annette-liffner-tuc-yrkeshogskola\/#breadcrumb"},"inLanguage":"sv-SE","potentialAction":[{"@type":"ReadAction","target":["https:\/\/www.utbildningsforetagen.se\/2026\/03\/annette-liffner-tuc-yrkeshogskola\/"]}]},{"@type":"ImageObject","inLanguage":"sv-SE","@id":"https:\/\/www.utbildningsforetagen.se\/2026\/03\/annette-liffner-tuc-yrkeshogskola\/#primaryimage","url":"https:\/\/www.utbildningsforetagen.se\/app\/uploads\/sites\/7\/2026\/03\/annette_liffner.jpg","contentUrl":"https:\/\/www.utbildningsforetagen.se\/app\/uploads\/sites\/7\/2026\/03\/annette_liffner.jpg","width":355,"height":461},{"@type":"BreadcrumbList","@id":"https:\/\/www.utbildningsforetagen.se\/2026\/03\/annette-liffner-tuc-yrkeshogskola\/#breadcrumb","itemListElement":[{"@type":"ListItem","position":1,"name":"Home","item":"https:\/\/www.utbildningsforetagen.se\/"},{"@type":"ListItem","position":2,"name":"Annette Liffner, TUC Yrkesh\u00f6gskola"}]},{"@type":"WebSite","@id":"https:\/\/www.utbildningsforetagen.se\/#website","url":"https:\/\/www.utbildningsforetagen.se\/","name":"Utbildningsf\u00f6retagen","description":"","potentialAction":[{"@type":"SearchAction","target":{"@type":"EntryPoint","urlTemplate":"https:\/\/www.utbildningsforetagen.se\/?s={search_term_string}"},"query-input":{"@type":"PropertyValueSpecification","valueRequired":true,"valueName":"search_term_string"}}],"inLanguage":"sv-SE"},{"@type":"Person","@id":"https:\/\/www.utbildningsforetagen.se\/#\/schema\/person\/2f21060ff5c11749c74927be755ab12f","name":"Johan Winsborn","image":{"@type":"ImageObject","inLanguage":"sv-SE","@id":"https:\/\/www.utbildningsforetagen.se\/#\/schema\/person\/image\/","url":"https:\/\/secure.gravatar.com\/avatar\/53e41e605eccdeb46d9a0c993c50bb1cb43722715d800792eaf7db709a41175c?s=96&d=mm&r=g","contentUrl":"https:\/\/secure.gravatar.com\/avatar\/53e41e605eccdeb46d9a0c993c50bb1cb43722715d800792eaf7db709a41175c?s=96&d=mm&r=g","caption":"Johan Winsborn"},"description":"Johan jobbar f\u00f6r Utbildningsf\u00f6retagen.","url":"https:\/\/www.utbildningsforetagen.se\/person\/johanwinsborn\/"}]}},"_links":{"self":[{"href":"https:\/\/www.utbildningsforetagen.se\/api\/wp\/v2\/posts\/5443","targetHints":{"allow":["GET"]}}],"collection":[{"href":"https:\/\/www.utbildningsforetagen.se\/api\/wp\/v2\/posts"}],"about":[{"href":"https:\/\/www.utbildningsforetagen.se\/api\/wp\/v2\/types\/post"}],"author":[{"embeddable":true,"href":"https:\/\/www.utbildningsforetagen.se\/api\/wp\/v2\/users\/212"}],"replies":[{"embeddable":true,"href":"https:\/\/www.utbildningsforetagen.se\/api\/wp\/v2\/comments?post=5443"}],"version-history":[{"count":1,"href":"https:\/\/www.utbildningsforetagen.se\/api\/wp\/v2\/posts\/5443\/revisions"}],"predecessor-version":[{"id":5445,"href":"https:\/\/www.utbildningsforetagen.se\/api\/wp\/v2\/posts\/5443\/revisions\/5445"}],"wp:featuredmedia":[{"embeddable":true,"href":"https:\/\/www.utbildningsforetagen.se\/api\/wp\/v2\/media\/5444"}],"wp:attachment":[{"href":"https:\/\/www.utbildningsforetagen.se\/api\/wp\/v2\/media?parent=5443"}],"wp:term":[{"taxonomy":"category","embeddable":true,"href":"https:\/\/www.utbildningsforetagen.se\/api\/wp\/v2\/categories?post=5443"},{"taxonomy":"post_tag","embeddable":true,"href":"https:\/\/www.utbildningsforetagen.se\/api\/wp\/v2\/tags?post=5443"},{"taxonomy":"type","embeddable":true,"href":"https:\/\/www.utbildningsforetagen.se\/api\/wp\/v2\/article_type?post=5443"},{"taxonomy":"agreement","embeddable":true,"href":"https:\/\/www.utbildningsforetagen.se\/api\/wp\/v2\/agreement?post=5443"},{"taxonomy":"for-members","embeddable":true,"href":"https:\/\/www.utbildningsforetagen.se\/api\/wp\/v2\/for-members?post=5443"}],"curies":[{"name":"wp","href":"https:\/\/api.w.org\/{rel}","templated":true}]}}