{"id":5427,"date":"2026-03-03T14:01:51","date_gmt":"2026-03-03T13:01:51","guid":{"rendered":"https:\/\/www.utbildningsforetagen.se\/?p=5427"},"modified":"2026-03-03T14:01:52","modified_gmt":"2026-03-03T13:01:52","slug":"emma-ackerskold-kyh","status":"publish","type":"post","link":"https:\/\/www.utbildningsforetagen.se\/2026\/03\/emma-ackerskold-kyh\/","title":{"rendered":"Emma Ackersk\u00f6ld, KYH"},"content":{"rendered":"<p class=\"intro\">&#8221;Auktorisationen \u00e4r f\u00f6r oss b\u00e5de ett kvitto p\u00e5 kvalitet och ett verktyg f\u00f6r att forts\u00e4tta utvecklas. Den st\u00e4rker v\u00e5rt interna kvalitetsarbete och visar samtidigt studerande, medarbetare och arbetsliv att vi \u00e4r en l\u00e5ngsiktig och seri\u00f6s akt\u00f6r inom yrkesh\u00f6gskolan\u201d, s\u00e4ger Emma Ackersk\u00f6ld, verksamhetschef p\u00e5 det auktoriserade utbildningsf\u00f6retaget KYH.<\/p>\n\n<p><strong>Vad har du f\u00f6r bakgrund?<\/strong><\/p>\n\n\n\n<p>\u2013 Jag har arbetat inom YH sedan 2015 och haft flera roller inom KYH, med fokus p\u00e5 anbudsarbete, aff\u00e4rsutveckling och verksamhetsledning. Under \u00e5ren har jag varit med och utvecklat organisationen och v\u00e5rt erbjudande. Sedan h\u00f6sten 2023 \u00e4r jag verksamhetschef, vilket ger mig ett helhetsperspektiv p\u00e5 b\u00e5de kvalitet, verksamhetsutveckling och samverkan med arbetslivet.<\/p>\n\n\n\n<p><strong>Vad \u00e4r din drivkraft i ditt arbete?<\/strong><\/p>\n\n\n\n<p>\u2013 Jag drivs av att arbeta tillsammans med m\u00e4nniskor. V\u00e5ra chefer och medarbetare \u00e4r v\u00e5r st\u00f6rsta styrka, och jag motiveras av att skapa f\u00f6ruts\u00e4ttningar f\u00f6r dem att v\u00e4xa och lyckas.<\/p>\n\n\n\n<p>&#8211; YH-branschen \u00e4r dessutom otroligt dynamisk, vi st\u00e5r s\u00e4llan still s\u00e4rskilt l\u00e4nge, vilket kr\u00e4ver nyfikenhet, vilja att utvecklas och f\u00f6rm\u00e5ga att t\u00e4nka nytt tillsammans med branschen.<\/p>\n\n\n\n<p><strong>Vad g\u00f6r ni p\u00e5 KYH?<\/strong><\/p>\n\n\n\n<p>\u2013 KYH \u00e4r en av Sveriges st\u00f6rsta yrkesh\u00f6gskolor och st\u00f6rst inom samh\u00e4llsbyggnad. Vi erbjuder YH-program och kurser b\u00e5de klassrumsbaserat och digitalt, och arbetar n\u00e4ra arbetslivet f\u00f6r att utbildningarna ska m\u00f6ta verkliga behov och ge studerande m\u00f6jlighet till livsl\u00e5ngt l\u00e4rande.<\/p>\n\n\n\n<p>&#8211; Som st\u00f6rsta akt\u00f6r inom samh\u00e4llsbyggnad tar vi ocks\u00e5 ett s\u00e4rskilt ansvar f\u00f6r j\u00e4mst\u00e4lldhet och vill bidra till att fler kvinnor kommer in i branschen, bland annat genom mentorskapsprogram, kursinneh\u00e5ll och f\u00f6retags\u00adsamarbeten.<\/p>\n\n\n\n<p><strong>Varf\u00f6r \u00e4r auktorisationen viktig f\u00f6r er?<\/strong><\/p>\n\n\n\n<p>\u2013 F\u00f6r oss som YH-anordnare \u00e4r auktorisationen viktig eftersom den \u00e4r ett kvitto p\u00e5 kvalitet, seriositet och l\u00e5ngsiktighet. Den visar att vi inte bara uppfyller grundl\u00e4ggande krav, utan att vi aktivt arbetar strukturerat med kvalitetss\u00e4kring, uppf\u00f6ljning och st\u00e4ndig utveckling.<\/p>\n\n\n\n<p>&#8211; Som verksamhetschef ser jag auktorisationen \u00e4ven som en viktig del i att bygga f\u00f6rtroende \u2013 b\u00e5de gentemot studerande, medarbetare och arbetsliv. Den tydligg\u00f6r v\u00e5rt ansvar i kompetensf\u00f6rs\u00f6rjningen och s\u00e4kerst\u00e4ller att vi lever upp till de f\u00f6rv\u00e4ntningar som st\u00e4lls p\u00e5 en professionell akt\u00f6r inom yrkesh\u00f6gskolan.<\/p>\n\n\n\n<p><strong>Hur ser du p\u00e5 framtiden f\u00f6r branschen?<\/strong><\/p>\n\n\n\n<p>\u2013 Jag \u00e4r v\u00e4ldigt positiv. Behovet av snabb och relevant kompetensutveckling \u00f6kar, och YH har en unik roll genom sin n\u00e4ra koppling till arbetslivet.<\/p>\n\n\n\n<p>&#8211; Fram\u00f6ver tror jag att flexibilitet, kvalitet och livsl\u00e5ngt l\u00e4rande blir \u00e4nnu viktigare. De akt\u00f6rer som kan kombinera dessa aspekter och samtidigt samarbeta med branschen kommer att vara avg\u00f6rande f\u00f6r Sveriges kompetensf\u00f6rs\u00f6rjning.<\/p>\n\n\n\n<p><a class=\"button\" href=\"http:\/\/www.utbildningsforetagen.se\/auktorisation\/ansok-om-medlemskap-och-auktorisation\/\">Vill du veta mer om auktorisationen?<\/a><\/p>\n\n\n\n<p><\/p>\n","protected":false},"excerpt":{"rendered":"<p>Vad har du f\u00f6r bakgrund? \u2013 Jag har arbetat inom YH sedan 2015 och haft flera roller inom KYH, med fokus p\u00e5 anbudsarbete, aff\u00e4rsutveckling och verksamhetsledning. Under \u00e5ren har jag varit med och utvecklat organisationen &hellip;<\/p>\n","protected":false},"author":212,"featured_media":5428,"comment_status":"closed","ping_status":"closed","sticky":false,"template":"","format":"standard","meta":{"_acf_changed":false,"footnotes":""},"categories":[6],"tags":[],"article_type":[],"agreement":[],"for-members":[],"class_list":["post-5427","post","type-post","status-publish","format-standard","has-post-thumbnail","hentry","category-auktoriserat-medlemsforetag"],"acf":[],"yoast_head":"<!-- This site is optimized with the Yoast SEO plugin v26.8 - https:\/\/yoast.com\/product\/yoast-seo-wordpress\/ -->\n<title>Emma Ackersk\u00f6ld, KYH - Utbildningsf\u00f6retagen<\/title>\n<meta name=\"description\" content=\"&quot;Auktorisationen \u00e4r f\u00f6r oss b\u00e5de ett kvitto p\u00e5 kvalitet och ett verktyg f\u00f6r att forts\u00e4tta utvecklas. Den st\u00e4rker v\u00e5rt interna kvalitetsarbete och visar samtidigt studerande, medarbetare och arbetsliv att vi \u00e4r en l\u00e5ngsiktig och seri\u00f6s akt\u00f6r inom yrkesh\u00f6gskolan\u201d, s\u00e4ger Emma Ackersk\u00f6ld, verksamhetschef p\u00e5 det auktoriserade utbildningsf\u00f6retaget KYH.\" \/>\n<meta name=\"robots\" content=\"index, follow, max-snippet:-1, max-image-preview:large, max-video-preview:-1\" \/>\n<link rel=\"canonical\" href=\"https:\/\/www.utbildningsforetagen.se\/2026\/03\/emma-ackerskold-kyh\/\" \/>\n<meta property=\"og:locale\" content=\"sv_SE\" \/>\n<meta property=\"og:type\" content=\"article\" \/>\n<meta property=\"og:title\" content=\"Emma Ackersk\u00f6ld, KYH - Utbildningsf\u00f6retagen\" \/>\n<meta property=\"og:description\" content=\"&quot;Auktorisationen \u00e4r f\u00f6r oss b\u00e5de ett kvitto p\u00e5 kvalitet och ett verktyg f\u00f6r att forts\u00e4tta utvecklas. Den st\u00e4rker v\u00e5rt interna kvalitetsarbete och visar samtidigt studerande, medarbetare och arbetsliv att vi \u00e4r en l\u00e5ngsiktig och seri\u00f6s akt\u00f6r inom yrkesh\u00f6gskolan\u201d, s\u00e4ger Emma Ackersk\u00f6ld, verksamhetschef p\u00e5 det auktoriserade utbildningsf\u00f6retaget KYH.\" \/>\n<meta property=\"og:url\" content=\"https:\/\/www.utbildningsforetagen.se\/2026\/03\/emma-ackerskold-kyh\/\" \/>\n<meta property=\"og:site_name\" content=\"Utbildningsf\u00f6retagen\" \/>\n<meta property=\"article:published_time\" content=\"2026-03-03T13:01:51+00:00\" \/>\n<meta property=\"article:modified_time\" content=\"2026-03-03T13:01:52+00:00\" \/>\n<meta property=\"og:image\" content=\"https:\/\/www.utbildningsforetagen.se\/app\/uploads\/sites\/7\/2026\/03\/Emma-Ackerskold-2018.jpg\" \/>\n\t<meta property=\"og:image:width\" content=\"800\" \/>\n\t<meta property=\"og:image:height\" content=\"533\" \/>\n\t<meta property=\"og:image:type\" content=\"image\/jpeg\" \/>\n<meta name=\"author\" content=\"Johan Winsborn\" \/>\n<meta name=\"twitter:card\" content=\"summary_large_image\" \/>\n<meta name=\"twitter:label1\" content=\"Skriven av\" \/>\n\t<meta name=\"twitter:data1\" content=\"Johan Winsborn\" \/>\n\t<meta name=\"twitter:label2\" content=\"Ber\u00e4knad l\u00e4stid\" \/>\n\t<meta name=\"twitter:data2\" content=\"2 minuter\" \/>\n<!-- \/ Yoast SEO plugin. -->","yoast_head_json":{"title":"Emma Ackersk\u00f6ld, KYH - Utbildningsf\u00f6retagen","description":"\"Auktorisationen \u00e4r f\u00f6r oss b\u00e5de ett kvitto p\u00e5 kvalitet och ett verktyg f\u00f6r att forts\u00e4tta utvecklas. Den st\u00e4rker v\u00e5rt interna kvalitetsarbete och visar samtidigt studerande, medarbetare och arbetsliv att vi \u00e4r en l\u00e5ngsiktig och seri\u00f6s akt\u00f6r inom yrkesh\u00f6gskolan\u201d, s\u00e4ger Emma Ackersk\u00f6ld, verksamhetschef p\u00e5 det auktoriserade utbildningsf\u00f6retaget KYH.","robots":{"index":"index","follow":"follow","max-snippet":"max-snippet:-1","max-image-preview":"max-image-preview:large","max-video-preview":"max-video-preview:-1"},"canonical":"https:\/\/www.utbildningsforetagen.se\/2026\/03\/emma-ackerskold-kyh\/","og_locale":"sv_SE","og_type":"article","og_title":"Emma Ackersk\u00f6ld, KYH - Utbildningsf\u00f6retagen","og_description":"\"Auktorisationen \u00e4r f\u00f6r oss b\u00e5de ett kvitto p\u00e5 kvalitet och ett verktyg f\u00f6r att forts\u00e4tta utvecklas. Den st\u00e4rker v\u00e5rt interna kvalitetsarbete och visar samtidigt studerande, medarbetare och arbetsliv att vi \u00e4r en l\u00e5ngsiktig och seri\u00f6s akt\u00f6r inom yrkesh\u00f6gskolan\u201d, s\u00e4ger Emma Ackersk\u00f6ld, verksamhetschef p\u00e5 det auktoriserade utbildningsf\u00f6retaget KYH.","og_url":"https:\/\/www.utbildningsforetagen.se\/2026\/03\/emma-ackerskold-kyh\/","og_site_name":"Utbildningsf\u00f6retagen","article_published_time":"2026-03-03T13:01:51+00:00","article_modified_time":"2026-03-03T13:01:52+00:00","og_image":[{"width":800,"height":533,"url":"https:\/\/www.utbildningsforetagen.se\/app\/uploads\/sites\/7\/2026\/03\/Emma-Ackerskold-2018.jpg","type":"image\/jpeg"}],"author":"Johan Winsborn","twitter_card":"summary_large_image","twitter_misc":{"Skriven av":"Johan Winsborn","Ber\u00e4knad l\u00e4stid":"2 minuter"},"schema":{"@context":"https:\/\/schema.org","@graph":[{"@type":"Article","@id":"https:\/\/www.utbildningsforetagen.se\/2026\/03\/emma-ackerskold-kyh\/#article","isPartOf":{"@id":"https:\/\/www.utbildningsforetagen.se\/2026\/03\/emma-ackerskold-kyh\/"},"author":{"name":"Johan Winsborn","@id":"https:\/\/www.utbildningsforetagen.se\/#\/schema\/person\/2f21060ff5c11749c74927be755ab12f"},"headline":"Emma Ackersk\u00f6ld, KYH","datePublished":"2026-03-03T13:01:51+00:00","dateModified":"2026-03-03T13:01:52+00:00","mainEntityOfPage":{"@id":"https:\/\/www.utbildningsforetagen.se\/2026\/03\/emma-ackerskold-kyh\/"},"wordCount":426,"image":{"@id":"https:\/\/www.utbildningsforetagen.se\/2026\/03\/emma-ackerskold-kyh\/#primaryimage"},"thumbnailUrl":"https:\/\/www.utbildningsforetagen.se\/app\/uploads\/sites\/7\/2026\/03\/Emma-Ackerskold-2018.jpg","articleSection":["Auktoriserat medlemsf\u00f6retag"],"inLanguage":"sv-SE"},{"@type":"WebPage","@id":"https:\/\/www.utbildningsforetagen.se\/2026\/03\/emma-ackerskold-kyh\/","url":"https:\/\/www.utbildningsforetagen.se\/2026\/03\/emma-ackerskold-kyh\/","name":"Emma Ackersk\u00f6ld, KYH - Utbildningsf\u00f6retagen","isPartOf":{"@id":"https:\/\/www.utbildningsforetagen.se\/#website"},"primaryImageOfPage":{"@id":"https:\/\/www.utbildningsforetagen.se\/2026\/03\/emma-ackerskold-kyh\/#primaryimage"},"image":{"@id":"https:\/\/www.utbildningsforetagen.se\/2026\/03\/emma-ackerskold-kyh\/#primaryimage"},"thumbnailUrl":"https:\/\/www.utbildningsforetagen.se\/app\/uploads\/sites\/7\/2026\/03\/Emma-Ackerskold-2018.jpg","datePublished":"2026-03-03T13:01:51+00:00","dateModified":"2026-03-03T13:01:52+00:00","author":{"@id":"https:\/\/www.utbildningsforetagen.se\/#\/schema\/person\/2f21060ff5c11749c74927be755ab12f"},"description":"\"Auktorisationen \u00e4r f\u00f6r oss b\u00e5de ett kvitto p\u00e5 kvalitet och ett verktyg f\u00f6r att forts\u00e4tta utvecklas. Den st\u00e4rker v\u00e5rt interna kvalitetsarbete och visar samtidigt studerande, medarbetare och arbetsliv att vi \u00e4r en l\u00e5ngsiktig och seri\u00f6s akt\u00f6r inom yrkesh\u00f6gskolan\u201d, s\u00e4ger Emma Ackersk\u00f6ld, verksamhetschef p\u00e5 det auktoriserade utbildningsf\u00f6retaget KYH.","breadcrumb":{"@id":"https:\/\/www.utbildningsforetagen.se\/2026\/03\/emma-ackerskold-kyh\/#breadcrumb"},"inLanguage":"sv-SE","potentialAction":[{"@type":"ReadAction","target":["https:\/\/www.utbildningsforetagen.se\/2026\/03\/emma-ackerskold-kyh\/"]}]},{"@type":"ImageObject","inLanguage":"sv-SE","@id":"https:\/\/www.utbildningsforetagen.se\/2026\/03\/emma-ackerskold-kyh\/#primaryimage","url":"https:\/\/www.utbildningsforetagen.se\/app\/uploads\/sites\/7\/2026\/03\/Emma-Ackerskold-2018.jpg","contentUrl":"https:\/\/www.utbildningsforetagen.se\/app\/uploads\/sites\/7\/2026\/03\/Emma-Ackerskold-2018.jpg","width":800,"height":533},{"@type":"BreadcrumbList","@id":"https:\/\/www.utbildningsforetagen.se\/2026\/03\/emma-ackerskold-kyh\/#breadcrumb","itemListElement":[{"@type":"ListItem","position":1,"name":"Home","item":"https:\/\/www.utbildningsforetagen.se\/"},{"@type":"ListItem","position":2,"name":"Emma Ackersk\u00f6ld, KYH"}]},{"@type":"WebSite","@id":"https:\/\/www.utbildningsforetagen.se\/#website","url":"https:\/\/www.utbildningsforetagen.se\/","name":"Utbildningsf\u00f6retagen","description":"","potentialAction":[{"@type":"SearchAction","target":{"@type":"EntryPoint","urlTemplate":"https:\/\/www.utbildningsforetagen.se\/?s={search_term_string}"},"query-input":{"@type":"PropertyValueSpecification","valueRequired":true,"valueName":"search_term_string"}}],"inLanguage":"sv-SE"},{"@type":"Person","@id":"https:\/\/www.utbildningsforetagen.se\/#\/schema\/person\/2f21060ff5c11749c74927be755ab12f","name":"Johan Winsborn","image":{"@type":"ImageObject","inLanguage":"sv-SE","@id":"https:\/\/www.utbildningsforetagen.se\/#\/schema\/person\/image\/","url":"https:\/\/secure.gravatar.com\/avatar\/53e41e605eccdeb46d9a0c993c50bb1cb43722715d800792eaf7db709a41175c?s=96&d=mm&r=g","contentUrl":"https:\/\/secure.gravatar.com\/avatar\/53e41e605eccdeb46d9a0c993c50bb1cb43722715d800792eaf7db709a41175c?s=96&d=mm&r=g","caption":"Johan Winsborn"},"description":"Johan jobbar f\u00f6r Utbildningsf\u00f6retagen.","url":"https:\/\/www.utbildningsforetagen.se\/person\/johanwinsborn\/"}]}},"_links":{"self":[{"href":"https:\/\/www.utbildningsforetagen.se\/api\/wp\/v2\/posts\/5427","targetHints":{"allow":["GET"]}}],"collection":[{"href":"https:\/\/www.utbildningsforetagen.se\/api\/wp\/v2\/posts"}],"about":[{"href":"https:\/\/www.utbildningsforetagen.se\/api\/wp\/v2\/types\/post"}],"author":[{"embeddable":true,"href":"https:\/\/www.utbildningsforetagen.se\/api\/wp\/v2\/users\/212"}],"replies":[{"embeddable":true,"href":"https:\/\/www.utbildningsforetagen.se\/api\/wp\/v2\/comments?post=5427"}],"version-history":[{"count":1,"href":"https:\/\/www.utbildningsforetagen.se\/api\/wp\/v2\/posts\/5427\/revisions"}],"predecessor-version":[{"id":5429,"href":"https:\/\/www.utbildningsforetagen.se\/api\/wp\/v2\/posts\/5427\/revisions\/5429"}],"wp:featuredmedia":[{"embeddable":true,"href":"https:\/\/www.utbildningsforetagen.se\/api\/wp\/v2\/media\/5428"}],"wp:attachment":[{"href":"https:\/\/www.utbildningsforetagen.se\/api\/wp\/v2\/media?parent=5427"}],"wp:term":[{"taxonomy":"category","embeddable":true,"href":"https:\/\/www.utbildningsforetagen.se\/api\/wp\/v2\/categories?post=5427"},{"taxonomy":"post_tag","embeddable":true,"href":"https:\/\/www.utbildningsforetagen.se\/api\/wp\/v2\/tags?post=5427"},{"taxonomy":"type","embeddable":true,"href":"https:\/\/www.utbildningsforetagen.se\/api\/wp\/v2\/article_type?post=5427"},{"taxonomy":"agreement","embeddable":true,"href":"https:\/\/www.utbildningsforetagen.se\/api\/wp\/v2\/agreement?post=5427"},{"taxonomy":"for-members","embeddable":true,"href":"https:\/\/www.utbildningsforetagen.se\/api\/wp\/v2\/for-members?post=5427"}],"curies":[{"name":"wp","href":"https:\/\/api.w.org\/{rel}","templated":true}]}}