{"id":5420,"date":"2026-02-26T09:51:01","date_gmt":"2026-02-26T08:51:01","guid":{"rendered":"https:\/\/www.utbildningsforetagen.se\/?p=5420"},"modified":"2026-02-26T09:51:02","modified_gmt":"2026-02-26T08:51:02","slug":"johan-stunz-nercia","status":"publish","type":"post","link":"https:\/\/www.utbildningsforetagen.se\/2026\/02\/johan-stunz-nercia\/","title":{"rendered":"Johan Stunz, Nercia"},"content":{"rendered":"<p class=\"intro\">&#8221;Auktorisationen fungerar som en intern kompass som s\u00e4kerst\u00e4ller att vi forts\u00e4tter utveckla och kvalitetss\u00e4kra v\u00e5r verksamhet. Samtidigt \u00e4r den en tydlig signal till kunder och omv\u00e4rld att vi tar v\u00e5rt uppdrag p\u00e5 st\u00f6rsta allvar&#8221;, s\u00e4ger Johan Stunz, vice VD och aff\u00e4rsomr\u00e5deschef f\u00f6r f\u00f6retagsutbildningar p\u00e5 det auktoriserade utbildningsf\u00f6retaget Nercia.<\/p>\n\n<p><strong>Vad har du f\u00f6r bakgrund?<\/strong><\/p>\n\n\n\n<p>\u2013 Jag har en bakgrund inom produktf\u00f6rs\u00e4ljning \u2013 d\u00e4r jag arbetade med f\u00f6rs\u00e4ljning av allt fr\u00e5n dammsugare till hygienprodukter som tv\u00e4tt-, disk- och reng\u00f6ringsl\u00f6sningar. Efter tio \u00e5r i branschen valde jag att vidareutbilda mig till diplomerad marknadsekonom p\u00e5 Nercia f\u00f6r att kunna driva och utveckla aff\u00e4ren mer strategiskt. \u00c5r 2004 sadlade jag om till tj\u00e4nstef\u00f6rs\u00e4ljning och b\u00f6rjade d\u00e5 som s\u00e4ljare p\u00e5 Nercia Utbildning.<\/p>\n\n\n\n<p>&#8211; Med \u00e5ren har jag haft f\u00f6rm\u00e5nen att utvecklas inom bolaget och ansvarar idag f\u00f6r en s\u00e4ljorganisation med tio projektledare samt administration som hanterar allt fr\u00e5n kallelser och material till intyg, utv\u00e4rderingar och sj\u00e4lvklart v\u00e5ra utbildare. V\u00e5rt fokus \u00e4r att anpassa och skr\u00e4ddarsy utbildningar utifr\u00e5n varje f\u00f6retags specifika behov och m\u00e5l.<\/p>\n\n\n\n<p><strong>Vad \u00e4r din drivkraft i ditt arbete?<\/strong><\/p>\n\n\n\n<p>\u2013 Jag gillar att vinna, men f\u00f6r mig handlar det om att vinna tillsammans med v\u00e5ra kunder. Min drivkraft \u00e4r att skapa de b\u00e4sta m\u00f6jliga f\u00f6ruts\u00e4ttningarna f\u00f6r att de ska vara l\u00f6nsamma, konkurrenskraftiga och framg\u00e5ngsrika \u00f6ver tid. Jag motiveras av utveckling och av att se m\u00e4nniskor och organisationer ta n\u00e4sta steg. Vi ska ligga i framkant och aldrig sl\u00e5 av p\u00e5 takten st\u00e4ndig f\u00f6rb\u00e4ttring \u00e4r en sj\u00e4lvklar del av v\u00e5rt arbete.<\/p>\n\n\n\n<p><strong>Vad g\u00f6r ni p\u00e5 Nercia?<\/strong><\/p>\n\n\n\n<p>\u2013 Vi brukar likna oss vid lyh\u00f6rda f\u00f6retagsl\u00e4kare. N\u00e4r symptom uppst\u00e5r i en organisation hj\u00e4lper vi till att hitta grundorsaken vilket kan handla om otydligt ledarskap, bristande kommunikation eller ineffektiva arbetss\u00e4tt.<\/p>\n\n\n\n<p>&#8211; V\u00e5r uppgift \u00e4r att bland annat tydligg\u00f6ra ledar- och medarbetarskap, minimera f\u00f6rluster och on\u00f6diga utgifter samt \u00f6ppna upp organisationer och fl\u00f6den s\u00e5 att organisationerna g\u00f6r mer r\u00e4tt fr\u00e5n b\u00f6rjan. Genom verksamhetsanpassade utbildningsinsatser st\u00e4rker vi b\u00e5de individen och aff\u00e4ren. Och vi vet att n\u00e4r m\u00e4nniskor v\u00e4xer, v\u00e4xer ocks\u00e5 f\u00f6retaget.<\/p>\n\n\n\n<p><strong>Varf\u00f6r \u00e4r auktorisationen viktig f\u00f6r er?<\/strong><\/p>\n\n\n\n<p>\u2013 F\u00f6r oss \u00e4r auktorisationen en viktig kvalitetsst\u00e4mpel och en bekr\u00e4ftelse p\u00e5 att v\u00e5ra processer, v\u00e5r metodik och v\u00e5rt arbetss\u00e4tt h\u00e5ller h\u00f6g niv\u00e5. Kvalitet \u00e4r inte n\u00e5got vi talar om det \u00e4r n\u00e5got vi systematiskt arbetar med varje dag.<\/p>\n\n\n\n<p>&#8211; Auktorisationen fungerar som en intern kompass som s\u00e4kerst\u00e4ller att vi forts\u00e4tter utveckla och kvalitetss\u00e4kra v\u00e5r verksamhet. Samtidigt \u00e4r den en tydlig signal till kunder och omv\u00e4rld att vi tar v\u00e5rt uppdrag p\u00e5 st\u00f6rsta allvar. Den visar att vi uppfyller branschens krav och att vi \u00e4r en seri\u00f6s och l\u00e5ngsiktig akt\u00f6r.<\/p>\n\n\n\n<p><strong>Hur ser du p\u00e5 framtiden f\u00f6r branschen?<\/strong><\/p>\n\n\n\n<p>\u2013 Jag ser mycket ljust p\u00e5 framtiden trots all oro i v\u00e5r omv\u00e4rld. V\u00e5r mission \u00e4r att utveckla individer som i sin tur utvecklar f\u00f6retag. I en v\u00e4rld d\u00e4r f\u00f6r\u00e4ndringstakten \u00f6kar blir kontinuerlig kompetensutveckling helt avg\u00f6rande.<\/p>\n\n\n\n<p>&#8211; F\u00f6retag som investerar i sina medarbetare kommer att vara de som st\u00e5r starkast fram\u00e5t. D\u00e4rf\u00f6r tror jag att v\u00e5r bransch har en \u00e4nnu viktigare roll att spela i framtiden med att inspirera, utmana och bidra till h\u00e5llbar utveckling av b\u00e5de m\u00e4nniskor och verksamheter.<\/p>\n\n\n\n<p><\/p>\n\n\n\n<p><a class=\"button\" href=\"http:\/\/www.utbildningsforetagen.se\/auktorisation\/ansok-om-medlemskap-och-auktorisation\/\">Vill du veta mer om auktorisationen?<\/a><\/p>\n\n\n\n<p><\/p>\n","protected":false},"excerpt":{"rendered":"<p>Vad har du f\u00f6r bakgrund? \u2013 Jag har en bakgrund inom produktf\u00f6rs\u00e4ljning \u2013 d\u00e4r jag arbetade med f\u00f6rs\u00e4ljning av allt fr\u00e5n dammsugare till hygienprodukter som tv\u00e4tt-, disk- och reng\u00f6ringsl\u00f6sningar. Efter tio \u00e5r i branschen valde &hellip;<\/p>\n","protected":false},"author":212,"featured_media":5421,"comment_status":"closed","ping_status":"closed","sticky":false,"template":"","format":"standard","meta":{"_acf_changed":false,"footnotes":""},"categories":[6],"tags":[],"article_type":[],"agreement":[],"for-members":[],"class_list":["post-5420","post","type-post","status-publish","format-standard","has-post-thumbnail","hentry","category-auktoriserat-medlemsforetag"],"acf":[],"yoast_head":"<!-- This site is optimized with the Yoast SEO plugin v26.8 - https:\/\/yoast.com\/product\/yoast-seo-wordpress\/ -->\n<title>Johan Stunz, Nercia - Utbildningsf\u00f6retagen<\/title>\n<meta name=\"description\" content=\"&quot;Auktorisationen fungerar som en intern kompass som s\u00e4kerst\u00e4ller att vi forts\u00e4tter utveckla och kvalitetss\u00e4kra v\u00e5r verksamhet. Samtidigt \u00e4r den en tydlig signal till kunder och omv\u00e4rld att vi tar v\u00e5rt uppdrag p\u00e5 st\u00f6rsta allvar&quot;, s\u00e4ger Johan Stunz, vice VD och aff\u00e4rsomr\u00e5deschef f\u00f6r f\u00f6retagsutbildningar p\u00e5 det auktoriserade utbildningsf\u00f6retaget Nercia.\" \/>\n<meta name=\"robots\" content=\"index, follow, max-snippet:-1, max-image-preview:large, max-video-preview:-1\" \/>\n<link rel=\"canonical\" href=\"https:\/\/www.utbildningsforetagen.se\/2026\/02\/johan-stunz-nercia\/\" \/>\n<meta property=\"og:locale\" content=\"sv_SE\" \/>\n<meta property=\"og:type\" content=\"article\" \/>\n<meta property=\"og:title\" content=\"Johan Stunz, Nercia - Utbildningsf\u00f6retagen\" \/>\n<meta property=\"og:description\" content=\"&quot;Auktorisationen fungerar som en intern kompass som s\u00e4kerst\u00e4ller att vi forts\u00e4tter utveckla och kvalitetss\u00e4kra v\u00e5r verksamhet. Samtidigt \u00e4r den en tydlig signal till kunder och omv\u00e4rld att vi tar v\u00e5rt uppdrag p\u00e5 st\u00f6rsta allvar&quot;, s\u00e4ger Johan Stunz, vice VD och aff\u00e4rsomr\u00e5deschef f\u00f6r f\u00f6retagsutbildningar p\u00e5 det auktoriserade utbildningsf\u00f6retaget Nercia.\" \/>\n<meta property=\"og:url\" content=\"https:\/\/www.utbildningsforetagen.se\/2026\/02\/johan-stunz-nercia\/\" \/>\n<meta property=\"og:site_name\" content=\"Utbildningsf\u00f6retagen\" \/>\n<meta property=\"article:published_time\" content=\"2026-02-26T08:51:01+00:00\" \/>\n<meta property=\"article:modified_time\" content=\"2026-02-26T08:51:02+00:00\" \/>\n<meta property=\"og:image\" content=\"https:\/\/www.utbildningsforetagen.se\/app\/uploads\/sites\/7\/2026\/02\/Johan-Stunz.png\" \/>\n\t<meta property=\"og:image:width\" content=\"800\" \/>\n\t<meta property=\"og:image:height\" content=\"800\" \/>\n\t<meta property=\"og:image:type\" content=\"image\/png\" \/>\n<meta name=\"author\" content=\"Johan Winsborn\" \/>\n<meta name=\"twitter:card\" content=\"summary_large_image\" \/>\n<meta name=\"twitter:label1\" content=\"Skriven av\" \/>\n\t<meta name=\"twitter:data1\" content=\"Johan Winsborn\" \/>\n\t<meta name=\"twitter:label2\" content=\"Ber\u00e4knad l\u00e4stid\" \/>\n\t<meta name=\"twitter:data2\" content=\"3 minuter\" \/>\n<!-- \/ Yoast SEO plugin. -->","yoast_head_json":{"title":"Johan Stunz, Nercia - Utbildningsf\u00f6retagen","description":"\"Auktorisationen fungerar som en intern kompass som s\u00e4kerst\u00e4ller att vi forts\u00e4tter utveckla och kvalitetss\u00e4kra v\u00e5r verksamhet. Samtidigt \u00e4r den en tydlig signal till kunder och omv\u00e4rld att vi tar v\u00e5rt uppdrag p\u00e5 st\u00f6rsta allvar\", s\u00e4ger Johan Stunz, vice VD och aff\u00e4rsomr\u00e5deschef f\u00f6r f\u00f6retagsutbildningar p\u00e5 det auktoriserade utbildningsf\u00f6retaget Nercia.","robots":{"index":"index","follow":"follow","max-snippet":"max-snippet:-1","max-image-preview":"max-image-preview:large","max-video-preview":"max-video-preview:-1"},"canonical":"https:\/\/www.utbildningsforetagen.se\/2026\/02\/johan-stunz-nercia\/","og_locale":"sv_SE","og_type":"article","og_title":"Johan Stunz, Nercia - Utbildningsf\u00f6retagen","og_description":"\"Auktorisationen fungerar som en intern kompass som s\u00e4kerst\u00e4ller att vi forts\u00e4tter utveckla och kvalitetss\u00e4kra v\u00e5r verksamhet. Samtidigt \u00e4r den en tydlig signal till kunder och omv\u00e4rld att vi tar v\u00e5rt uppdrag p\u00e5 st\u00f6rsta allvar\", s\u00e4ger Johan Stunz, vice VD och aff\u00e4rsomr\u00e5deschef f\u00f6r f\u00f6retagsutbildningar p\u00e5 det auktoriserade utbildningsf\u00f6retaget Nercia.","og_url":"https:\/\/www.utbildningsforetagen.se\/2026\/02\/johan-stunz-nercia\/","og_site_name":"Utbildningsf\u00f6retagen","article_published_time":"2026-02-26T08:51:01+00:00","article_modified_time":"2026-02-26T08:51:02+00:00","og_image":[{"width":800,"height":800,"url":"https:\/\/www.utbildningsforetagen.se\/app\/uploads\/sites\/7\/2026\/02\/Johan-Stunz.png","type":"image\/png"}],"author":"Johan Winsborn","twitter_card":"summary_large_image","twitter_misc":{"Skriven av":"Johan Winsborn","Ber\u00e4knad l\u00e4stid":"3 minuter"},"schema":{"@context":"https:\/\/schema.org","@graph":[{"@type":"Article","@id":"https:\/\/www.utbildningsforetagen.se\/2026\/02\/johan-stunz-nercia\/#article","isPartOf":{"@id":"https:\/\/www.utbildningsforetagen.se\/2026\/02\/johan-stunz-nercia\/"},"author":{"name":"Johan Winsborn","@id":"https:\/\/www.utbildningsforetagen.se\/#\/schema\/person\/2f21060ff5c11749c74927be755ab12f"},"headline":"Johan Stunz, Nercia","datePublished":"2026-02-26T08:51:01+00:00","dateModified":"2026-02-26T08:51:02+00:00","mainEntityOfPage":{"@id":"https:\/\/www.utbildningsforetagen.se\/2026\/02\/johan-stunz-nercia\/"},"wordCount":581,"image":{"@id":"https:\/\/www.utbildningsforetagen.se\/2026\/02\/johan-stunz-nercia\/#primaryimage"},"thumbnailUrl":"https:\/\/www.utbildningsforetagen.se\/app\/uploads\/sites\/7\/2026\/02\/Johan-Stunz.png","articleSection":["Auktoriserat medlemsf\u00f6retag"],"inLanguage":"sv-SE"},{"@type":"WebPage","@id":"https:\/\/www.utbildningsforetagen.se\/2026\/02\/johan-stunz-nercia\/","url":"https:\/\/www.utbildningsforetagen.se\/2026\/02\/johan-stunz-nercia\/","name":"Johan Stunz, Nercia - Utbildningsf\u00f6retagen","isPartOf":{"@id":"https:\/\/www.utbildningsforetagen.se\/#website"},"primaryImageOfPage":{"@id":"https:\/\/www.utbildningsforetagen.se\/2026\/02\/johan-stunz-nercia\/#primaryimage"},"image":{"@id":"https:\/\/www.utbildningsforetagen.se\/2026\/02\/johan-stunz-nercia\/#primaryimage"},"thumbnailUrl":"https:\/\/www.utbildningsforetagen.se\/app\/uploads\/sites\/7\/2026\/02\/Johan-Stunz.png","datePublished":"2026-02-26T08:51:01+00:00","dateModified":"2026-02-26T08:51:02+00:00","author":{"@id":"https:\/\/www.utbildningsforetagen.se\/#\/schema\/person\/2f21060ff5c11749c74927be755ab12f"},"description":"\"Auktorisationen fungerar som en intern kompass som s\u00e4kerst\u00e4ller att vi forts\u00e4tter utveckla och kvalitetss\u00e4kra v\u00e5r verksamhet. Samtidigt \u00e4r den en tydlig signal till kunder och omv\u00e4rld att vi tar v\u00e5rt uppdrag p\u00e5 st\u00f6rsta allvar\", s\u00e4ger Johan Stunz, vice VD och aff\u00e4rsomr\u00e5deschef f\u00f6r f\u00f6retagsutbildningar p\u00e5 det auktoriserade utbildningsf\u00f6retaget Nercia.","breadcrumb":{"@id":"https:\/\/www.utbildningsforetagen.se\/2026\/02\/johan-stunz-nercia\/#breadcrumb"},"inLanguage":"sv-SE","potentialAction":[{"@type":"ReadAction","target":["https:\/\/www.utbildningsforetagen.se\/2026\/02\/johan-stunz-nercia\/"]}]},{"@type":"ImageObject","inLanguage":"sv-SE","@id":"https:\/\/www.utbildningsforetagen.se\/2026\/02\/johan-stunz-nercia\/#primaryimage","url":"https:\/\/www.utbildningsforetagen.se\/app\/uploads\/sites\/7\/2026\/02\/Johan-Stunz.png","contentUrl":"https:\/\/www.utbildningsforetagen.se\/app\/uploads\/sites\/7\/2026\/02\/Johan-Stunz.png","width":800,"height":800},{"@type":"BreadcrumbList","@id":"https:\/\/www.utbildningsforetagen.se\/2026\/02\/johan-stunz-nercia\/#breadcrumb","itemListElement":[{"@type":"ListItem","position":1,"name":"Home","item":"https:\/\/www.utbildningsforetagen.se\/"},{"@type":"ListItem","position":2,"name":"Johan Stunz, Nercia"}]},{"@type":"WebSite","@id":"https:\/\/www.utbildningsforetagen.se\/#website","url":"https:\/\/www.utbildningsforetagen.se\/","name":"Utbildningsf\u00f6retagen","description":"","potentialAction":[{"@type":"SearchAction","target":{"@type":"EntryPoint","urlTemplate":"https:\/\/www.utbildningsforetagen.se\/?s={search_term_string}"},"query-input":{"@type":"PropertyValueSpecification","valueRequired":true,"valueName":"search_term_string"}}],"inLanguage":"sv-SE"},{"@type":"Person","@id":"https:\/\/www.utbildningsforetagen.se\/#\/schema\/person\/2f21060ff5c11749c74927be755ab12f","name":"Johan Winsborn","image":{"@type":"ImageObject","inLanguage":"sv-SE","@id":"https:\/\/www.utbildningsforetagen.se\/#\/schema\/person\/image\/","url":"https:\/\/secure.gravatar.com\/avatar\/53e41e605eccdeb46d9a0c993c50bb1cb43722715d800792eaf7db709a41175c?s=96&d=mm&r=g","contentUrl":"https:\/\/secure.gravatar.com\/avatar\/53e41e605eccdeb46d9a0c993c50bb1cb43722715d800792eaf7db709a41175c?s=96&d=mm&r=g","caption":"Johan Winsborn"},"description":"Johan jobbar f\u00f6r Utbildningsf\u00f6retagen.","url":"https:\/\/www.utbildningsforetagen.se\/person\/johanwinsborn\/"}]}},"_links":{"self":[{"href":"https:\/\/www.utbildningsforetagen.se\/api\/wp\/v2\/posts\/5420","targetHints":{"allow":["GET"]}}],"collection":[{"href":"https:\/\/www.utbildningsforetagen.se\/api\/wp\/v2\/posts"}],"about":[{"href":"https:\/\/www.utbildningsforetagen.se\/api\/wp\/v2\/types\/post"}],"author":[{"embeddable":true,"href":"https:\/\/www.utbildningsforetagen.se\/api\/wp\/v2\/users\/212"}],"replies":[{"embeddable":true,"href":"https:\/\/www.utbildningsforetagen.se\/api\/wp\/v2\/comments?post=5420"}],"version-history":[{"count":1,"href":"https:\/\/www.utbildningsforetagen.se\/api\/wp\/v2\/posts\/5420\/revisions"}],"predecessor-version":[{"id":5422,"href":"https:\/\/www.utbildningsforetagen.se\/api\/wp\/v2\/posts\/5420\/revisions\/5422"}],"wp:featuredmedia":[{"embeddable":true,"href":"https:\/\/www.utbildningsforetagen.se\/api\/wp\/v2\/media\/5421"}],"wp:attachment":[{"href":"https:\/\/www.utbildningsforetagen.se\/api\/wp\/v2\/media?parent=5420"}],"wp:term":[{"taxonomy":"category","embeddable":true,"href":"https:\/\/www.utbildningsforetagen.se\/api\/wp\/v2\/categories?post=5420"},{"taxonomy":"post_tag","embeddable":true,"href":"https:\/\/www.utbildningsforetagen.se\/api\/wp\/v2\/tags?post=5420"},{"taxonomy":"type","embeddable":true,"href":"https:\/\/www.utbildningsforetagen.se\/api\/wp\/v2\/article_type?post=5420"},{"taxonomy":"agreement","embeddable":true,"href":"https:\/\/www.utbildningsforetagen.se\/api\/wp\/v2\/agreement?post=5420"},{"taxonomy":"for-members","embeddable":true,"href":"https:\/\/www.utbildningsforetagen.se\/api\/wp\/v2\/for-members?post=5420"}],"curies":[{"name":"wp","href":"https:\/\/api.w.org\/{rel}","templated":true}]}}