{"id":5369,"date":"2026-01-22T10:00:08","date_gmt":"2026-01-22T09:00:08","guid":{"rendered":"https:\/\/www.utbildningsforetagen.se\/?p=5369"},"modified":"2026-01-22T10:02:35","modified_gmt":"2026-01-22T09:02:35","slug":"webbinarium-om-tilldelningen-av-nya-yh-program","status":"publish","type":"post","link":"https:\/\/www.utbildningsforetagen.se\/2026\/01\/webbinarium-om-tilldelningen-av-nya-yh-program\/","title":{"rendered":"Webbinarium om tilldelningen av nya YH-program"},"content":{"rendered":"<p class=\"intro\">Myndigheten f\u00f6r Yrkesh\u00f6gskolan ber\u00e4ttar om den nya tilldelningen av program.<\/p>\n\n<p><strong>Maria Stolt,<\/strong> enhetschef p\u00e5 enheten f\u00f6r analys och ans\u00f6kan och <strong>Malin Zakrisson, <\/strong>handl\u00e4ggare p\u00e5 enheten f\u00f6r analys och ans\u00f6kan p\u00e5 Myndigheten f\u00f6r Yrkesh\u00f6gskolan ber\u00e4ttar om den nya tilldelningen av program. <\/p>\n\n\n\n<p>H\u00e4r kan du ta del av webbinariet fr\u00e5n 21 januari 2026, kl 11-12,\u00a0 i efterhand.<\/p>\n\n\n<figure class=\"wp-block-embed is-type-video is-provider-youtube wp-block-embed-youtube wp-embed-aspect-16-9 wp-has-aspect-ratio\">\n        \n          \n            <p style=\"margin: 0 0 10px 0; font-size: 14px; color: #6c757d;\">Till\u00e5t marknadsf\u00f6ringscookies f\u00f6r att visa den inb\u00e4ddade YouTube-videon<\/p>\n            <p style=\"margin: 0; font-size: 14px;\">\n              <a href=\"#\" class=\"ch2-open-settings-btn\" style=\"color: #e26a34; text-decoration: underline;\">Hantera mina cookie-val<\/a>\n            <\/p>\n          \n        \n<iframe data-consent=\"marketing\" title=\"Utbildningsf\u00f6retagen - tilldelning av YH-program\" width=\"500\" height=\"281\" data-src=\"https:\/\/www.youtube-nocookie.com\/embed\/IyDB0ThD5Rs?feature=oembed\" frameborder=\"0\" allow=\"accelerometer; autoplay; clipboard-write; encrypted-media; gyroscope; picture-in-picture; web-share\" referrerpolicy=\"strict-origin-when-cross-origin\" allowfullscreen><\/iframe>\n<\/figure>\n\n","protected":false},"excerpt":{"rendered":"<p>Maria Stolt, enhetschef p\u00e5 enheten f\u00f6r analys och ans\u00f6kan och Malin Zakrisson, handl\u00e4ggare p\u00e5 enheten f\u00f6r analys och ans\u00f6kan p\u00e5 Myndigheten f\u00f6r Yrkesh\u00f6gskolan ber\u00e4ttar om den nya tilldelningen av program. H\u00e4r kan du ta del &hellip;<\/p>\n","protected":false},"author":14531,"featured_media":5371,"comment_status":"closed","ping_status":"closed","sticky":false,"template":"","format":"standard","meta":{"_acf_changed":false,"footnotes":""},"categories":[51],"tags":[],"article_type":[10],"agreement":[],"for-members":[],"class_list":["post-5369","post","type-post","status-publish","format-standard","has-post-thumbnail","hentry","category-handelser-och-event","type-nyheter"],"acf":[],"yoast_head":"<!-- This site is optimized with the Yoast SEO plugin v26.8 - https:\/\/yoast.com\/product\/yoast-seo-wordpress\/ -->\n<title>Webbinarium om tilldelningen av nya YH-program - Utbildningsf\u00f6retagen<\/title>\n<meta name=\"robots\" content=\"index, follow, max-snippet:-1, max-image-preview:large, max-video-preview:-1\" \/>\n<link rel=\"canonical\" href=\"https:\/\/www.utbildningsforetagen.se\/2026\/01\/webbinarium-om-tilldelningen-av-nya-yh-program\/\" \/>\n<meta property=\"og:locale\" content=\"sv_SE\" \/>\n<meta property=\"og:type\" content=\"article\" \/>\n<meta property=\"og:title\" content=\"Webbinarium om tilldelningen av nya YH-program - Utbildningsf\u00f6retagen\" \/>\n<meta property=\"og:description\" content=\"Maria Stolt, enhetschef p\u00e5 enheten f\u00f6r analys och ans\u00f6kan och Malin Zakrisson, handl\u00e4ggare p\u00e5 enheten f\u00f6r analys och ans\u00f6kan p\u00e5 Myndigheten f\u00f6r Yrkesh\u00f6gskolan ber\u00e4ttar om den nya tilldelningen av program. H\u00e4r kan du ta del &hellip;\" \/>\n<meta property=\"og:url\" content=\"https:\/\/www.utbildningsforetagen.se\/2026\/01\/webbinarium-om-tilldelningen-av-nya-yh-program\/\" \/>\n<meta property=\"og:site_name\" content=\"Utbildningsf\u00f6retagen\" \/>\n<meta property=\"article:published_time\" content=\"2026-01-22T09:00:08+00:00\" \/>\n<meta property=\"article:modified_time\" content=\"2026-01-22T09:02:35+00:00\" \/>\n<meta property=\"og:image\" content=\"https:\/\/www.utbildningsforetagen.se\/app\/uploads\/sites\/7\/2026\/01\/bild.png\" \/>\n\t<meta property=\"og:image:width\" content=\"748\" \/>\n\t<meta property=\"og:image:height\" content=\"370\" \/>\n\t<meta property=\"og:image:type\" content=\"image\/png\" \/>\n<meta name=\"author\" content=\"Karin Nyg\u00e5rd\" \/>\n<meta name=\"twitter:card\" content=\"summary_large_image\" \/>\n<meta name=\"twitter:label1\" content=\"Skriven av\" \/>\n\t<meta name=\"twitter:data1\" content=\"Karin Nyg\u00e5rd\" \/>\n\t<meta name=\"twitter:label2\" content=\"Ber\u00e4knad l\u00e4stid\" \/>\n\t<meta name=\"twitter:data2\" content=\"1 minut\" \/>\n<!-- \/ Yoast SEO plugin. -->","yoast_head_json":{"title":"Webbinarium om tilldelningen av nya YH-program - Utbildningsf\u00f6retagen","robots":{"index":"index","follow":"follow","max-snippet":"max-snippet:-1","max-image-preview":"max-image-preview:large","max-video-preview":"max-video-preview:-1"},"canonical":"https:\/\/www.utbildningsforetagen.se\/2026\/01\/webbinarium-om-tilldelningen-av-nya-yh-program\/","og_locale":"sv_SE","og_type":"article","og_title":"Webbinarium om tilldelningen av nya YH-program - Utbildningsf\u00f6retagen","og_description":"Maria Stolt, enhetschef p\u00e5 enheten f\u00f6r analys och ans\u00f6kan och Malin Zakrisson, handl\u00e4ggare p\u00e5 enheten f\u00f6r analys och ans\u00f6kan p\u00e5 Myndigheten f\u00f6r Yrkesh\u00f6gskolan ber\u00e4ttar om den nya tilldelningen av program. H\u00e4r kan du ta del &hellip;","og_url":"https:\/\/www.utbildningsforetagen.se\/2026\/01\/webbinarium-om-tilldelningen-av-nya-yh-program\/","og_site_name":"Utbildningsf\u00f6retagen","article_published_time":"2026-01-22T09:00:08+00:00","article_modified_time":"2026-01-22T09:02:35+00:00","og_image":[{"width":748,"height":370,"url":"https:\/\/www.utbildningsforetagen.se\/app\/uploads\/sites\/7\/2026\/01\/bild.png","type":"image\/png"}],"author":"Karin Nyg\u00e5rd","twitter_card":"summary_large_image","twitter_misc":{"Skriven av":"Karin Nyg\u00e5rd","Ber\u00e4knad l\u00e4stid":"1 minut"},"schema":{"@context":"https:\/\/schema.org","@graph":[{"@type":"Article","@id":"https:\/\/www.utbildningsforetagen.se\/2026\/01\/webbinarium-om-tilldelningen-av-nya-yh-program\/#article","isPartOf":{"@id":"https:\/\/www.utbildningsforetagen.se\/2026\/01\/webbinarium-om-tilldelningen-av-nya-yh-program\/"},"author":{"name":"Karin Nyg\u00e5rd","@id":"https:\/\/www.utbildningsforetagen.se\/#\/schema\/person\/eae58f3a71d6b7aa9f71f3139a740a02"},"headline":"Webbinarium om tilldelningen av nya YH-program","datePublished":"2026-01-22T09:00:08+00:00","dateModified":"2026-01-22T09:02:35+00:00","mainEntityOfPage":{"@id":"https:\/\/www.utbildningsforetagen.se\/2026\/01\/webbinarium-om-tilldelningen-av-nya-yh-program\/"},"wordCount":65,"image":{"@id":"https:\/\/www.utbildningsforetagen.se\/2026\/01\/webbinarium-om-tilldelningen-av-nya-yh-program\/#primaryimage"},"thumbnailUrl":"https:\/\/www.utbildningsforetagen.se\/app\/uploads\/sites\/7\/2026\/01\/bild.png","articleSection":["H\u00e4ndelser och event"],"inLanguage":"sv-SE"},{"@type":"WebPage","@id":"https:\/\/www.utbildningsforetagen.se\/2026\/01\/webbinarium-om-tilldelningen-av-nya-yh-program\/","url":"https:\/\/www.utbildningsforetagen.se\/2026\/01\/webbinarium-om-tilldelningen-av-nya-yh-program\/","name":"Webbinarium om tilldelningen av nya YH-program - Utbildningsf\u00f6retagen","isPartOf":{"@id":"https:\/\/www.utbildningsforetagen.se\/#website"},"primaryImageOfPage":{"@id":"https:\/\/www.utbildningsforetagen.se\/2026\/01\/webbinarium-om-tilldelningen-av-nya-yh-program\/#primaryimage"},"image":{"@id":"https:\/\/www.utbildningsforetagen.se\/2026\/01\/webbinarium-om-tilldelningen-av-nya-yh-program\/#primaryimage"},"thumbnailUrl":"https:\/\/www.utbildningsforetagen.se\/app\/uploads\/sites\/7\/2026\/01\/bild.png","datePublished":"2026-01-22T09:00:08+00:00","dateModified":"2026-01-22T09:02:35+00:00","author":{"@id":"https:\/\/www.utbildningsforetagen.se\/#\/schema\/person\/eae58f3a71d6b7aa9f71f3139a740a02"},"breadcrumb":{"@id":"https:\/\/www.utbildningsforetagen.se\/2026\/01\/webbinarium-om-tilldelningen-av-nya-yh-program\/#breadcrumb"},"inLanguage":"sv-SE","potentialAction":[{"@type":"ReadAction","target":["https:\/\/www.utbildningsforetagen.se\/2026\/01\/webbinarium-om-tilldelningen-av-nya-yh-program\/"]}]},{"@type":"ImageObject","inLanguage":"sv-SE","@id":"https:\/\/www.utbildningsforetagen.se\/2026\/01\/webbinarium-om-tilldelningen-av-nya-yh-program\/#primaryimage","url":"https:\/\/www.utbildningsforetagen.se\/app\/uploads\/sites\/7\/2026\/01\/bild.png","contentUrl":"https:\/\/www.utbildningsforetagen.se\/app\/uploads\/sites\/7\/2026\/01\/bild.png","width":748,"height":370,"caption":"Sk\u00e4rmbild"},{"@type":"BreadcrumbList","@id":"https:\/\/www.utbildningsforetagen.se\/2026\/01\/webbinarium-om-tilldelningen-av-nya-yh-program\/#breadcrumb","itemListElement":[{"@type":"ListItem","position":1,"name":"Home","item":"https:\/\/www.utbildningsforetagen.se\/"},{"@type":"ListItem","position":2,"name":"Webbinarium om tilldelningen av nya YH-program"}]},{"@type":"WebSite","@id":"https:\/\/www.utbildningsforetagen.se\/#website","url":"https:\/\/www.utbildningsforetagen.se\/","name":"Utbildningsf\u00f6retagen","description":"","potentialAction":[{"@type":"SearchAction","target":{"@type":"EntryPoint","urlTemplate":"https:\/\/www.utbildningsforetagen.se\/?s={search_term_string}"},"query-input":{"@type":"PropertyValueSpecification","valueRequired":true,"valueName":"search_term_string"}}],"inLanguage":"sv-SE"},{"@type":"Person","@id":"https:\/\/www.utbildningsforetagen.se\/#\/schema\/person\/eae58f3a71d6b7aa9f71f3139a740a02","name":"Karin Nyg\u00e5rd","image":{"@type":"ImageObject","inLanguage":"sv-SE","@id":"https:\/\/www.utbildningsforetagen.se\/#\/schema\/person\/image\/","url":"https:\/\/secure.gravatar.com\/avatar\/09e5ec3d12974ae686ad90a0a4bf5404c8a4cfdca18f97124f166ab274023818?s=96&d=mm&r=g","contentUrl":"https:\/\/secure.gravatar.com\/avatar\/09e5ec3d12974ae686ad90a0a4bf5404c8a4cfdca18f97124f166ab274023818?s=96&d=mm&r=g","caption":"Karin Nyg\u00e5rd"},"description":"Produkt\u00e4gare Almega.se, samordnar webbutveckling och utveckling av Arbetsgivarguiden.se","url":"https:\/\/www.utbildningsforetagen.se\/person\/karinnygard\/"}]}},"_links":{"self":[{"href":"https:\/\/www.utbildningsforetagen.se\/api\/wp\/v2\/posts\/5369","targetHints":{"allow":["GET"]}}],"collection":[{"href":"https:\/\/www.utbildningsforetagen.se\/api\/wp\/v2\/posts"}],"about":[{"href":"https:\/\/www.utbildningsforetagen.se\/api\/wp\/v2\/types\/post"}],"author":[{"embeddable":true,"href":"https:\/\/www.utbildningsforetagen.se\/api\/wp\/v2\/users\/14531"}],"replies":[{"embeddable":true,"href":"https:\/\/www.utbildningsforetagen.se\/api\/wp\/v2\/comments?post=5369"}],"version-history":[{"count":2,"href":"https:\/\/www.utbildningsforetagen.se\/api\/wp\/v2\/posts\/5369\/revisions"}],"predecessor-version":[{"id":5372,"href":"https:\/\/www.utbildningsforetagen.se\/api\/wp\/v2\/posts\/5369\/revisions\/5372"}],"wp:featuredmedia":[{"embeddable":true,"href":"https:\/\/www.utbildningsforetagen.se\/api\/wp\/v2\/media\/5371"}],"wp:attachment":[{"href":"https:\/\/www.utbildningsforetagen.se\/api\/wp\/v2\/media?parent=5369"}],"wp:term":[{"taxonomy":"category","embeddable":true,"href":"https:\/\/www.utbildningsforetagen.se\/api\/wp\/v2\/categories?post=5369"},{"taxonomy":"post_tag","embeddable":true,"href":"https:\/\/www.utbildningsforetagen.se\/api\/wp\/v2\/tags?post=5369"},{"taxonomy":"type","embeddable":true,"href":"https:\/\/www.utbildningsforetagen.se\/api\/wp\/v2\/article_type?post=5369"},{"taxonomy":"agreement","embeddable":true,"href":"https:\/\/www.utbildningsforetagen.se\/api\/wp\/v2\/agreement?post=5369"},{"taxonomy":"for-members","embeddable":true,"href":"https:\/\/www.utbildningsforetagen.se\/api\/wp\/v2\/for-members?post=5369"}],"curies":[{"name":"wp","href":"https:\/\/api.w.org\/{rel}","templated":true}]}}