{"id":5240,"date":"2025-06-09T08:26:46","date_gmt":"2025-06-09T06:26:46","guid":{"rendered":"https:\/\/www.utbildningsforetagen.se\/?p=5240"},"modified":"2025-06-09T08:32:08","modified_gmt":"2025-06-09T06:32:08","slug":"per-vidar-lundberg-stockholms-tekniska-institut","status":"publish","type":"post","link":"https:\/\/www.utbildningsforetagen.se\/2025\/06\/per-vidar-lundberg-stockholms-tekniska-institut\/","title":{"rendered":"Per Vidar Lundberg \u2013\u00a0Stockholms Tekniska Institut"},"content":{"rendered":"<p class=\"intro\">\u201cDet finns inget roligare \u00e4n att se n\u00e4r lampan t\u00e4nds hos en m\u00e4nniska som precis l\u00e4rt sig n\u00e5got nytt. Magiskt!\u201d, s\u00e4ger Per Vidar Lundberg fr\u00e5n <a href=\"https:\/\/www.sti.se\"> Stockholms Tekniska Institut<\/a>.<\/p>\n\n<p><strong>Vad har du f\u00f6r bakgrund?<\/strong><\/p>\n\n\n\n<p>\u2013 Jag \u00e4r utbildad journalist men hamnade tidigt i roller d\u00e4r digitalisering och verksamhetsfr\u00e5gor i gr\u00e4nslandet mellan m\u00e4nniska och teknik stod i centrum. Har sedan haft roller som produktionsdirekt\u00f6r, CTO, teknik- och utvecklingsdirekt\u00f6r och Chief Digital Officer inom omr\u00e5det. Kompetensfr\u00e5gorna har alltid varit en stor del av uppdragen.<\/p>\n\n\n\n<p><strong>Vad \u00e4r drivkraften i ditt arbete?<\/strong><\/p>\n\n\n\n<p>\u2013 Det finns inget roligare \u00e4n att se n\u00e4r lampan t\u00e4nds hos en m\u00e4nniska som precis l\u00e4rt sig n\u00e5got nytt. Magiskt! Sedan \u00e4r det h\u00e4rligt att kunna automatisera och digitalisera uppgifter som \u00e4r repetitiva, tr\u00e5kiga eller kostar mycket, s\u00e5 att man kan \u00e4gna mer tid \u00e5t kunder, anv\u00e4ndare och kvalitetsfr\u00e5gor.<\/p>\n\n\n\n<p><strong>Vad g\u00f6r ni p\u00e5 STI \u2013 Stockholms Tekniska Institut?<\/strong><br>\u2013 Ja, p\u00e5 ett s\u00e4tt h\u00e5ller vi p\u00e5 med precis samma fr\u00e5gor. STI har program och kurser inom IT, teknik och samh\u00e4llsbyggnad, med m\u00e5let att bidra till Sveriges ambitioner inom digitalisering och h\u00e5llbarhet. Huvudsakligen inom YH-modellen men ocks\u00e5 en del f\u00f6retagsuppdrag. Vi \u00e4r s\u00e4rskilt stolta \u00f6ver v\u00e5rt senaste bidrag till detta, en tv\u00e5\u00e5rig YH-utbildning f\u00f6r h\u00e5llbarhetsledare. Sedan \u00e4r vi internt brinnande engagerade i att utveckla och f\u00f6rb\u00e4ttra v\u00e5ra metoder f\u00f6r l\u00e4randet- vi ger oss inte f\u00f6rr\u00e4n vi skapat Sveriges b\u00e4sta l\u00e4rupplevelse. Som ett led i detta har vi precis anst\u00e4llt en learning designer som ska hj\u00e4lpa v\u00e5ra kursledare att skapa \u00e4nnu b\u00e4ttre inneh\u00e5ll.<\/p>\n\n\n\n<p><strong>Varf\u00f6r \u00e4r auktorisationen s\u00e5 viktig f\u00f6r <strong>STI<\/strong>?<\/strong><br>\u2014 Jag har arbetat med utvecklingsuppdrag i mer \u00e4n 30 \u00e5r, och vet att det kr\u00e4vs genomt\u00e4nkta strukturer och tydliga ramverk f\u00f6r att skapa varaktig f\u00f6r\u00e4ndring och f\u00f6rb\u00e4ttring. Auktorisationsprocessen blev ett utm\u00e4rkt tillf\u00e4lle att genomlysa och i vissa fall f\u00f6rb\u00e4ttra hur vi arbetar med kvalitetsfr\u00e5gorna. Vi har bland annat inf\u00f6rt kvartalsuppf\u00f6ljningar f\u00f6r att skapa ett permanent fokus p\u00e5 l\u00e4rupplevelse, arbetss\u00e4tt och studieresultat. Auktorisationen kan ocks\u00e5 spela roll gentemot kunder och de som s\u00f6ker v\u00e5ra utbildningar, men allra viktigast \u00e4r att vi f\u00e5r in kvalitetsfr\u00e5gorna i det l\u00f6pande arbetet.<\/p>\n\n\n\n<p><strong>Vad tror du om branschens framtid?<\/strong><br>\u2013 Vi kan vara helt s\u00e4kra p\u00e5 att kraven p\u00e5 en b\u00e4ttre l\u00e4rupplevelse kommer att \u00f6ka dramatiskt. L\u00e4rmodellen d\u00e4r en f\u00f6rel\u00e4sare drar 90 bilder i timmen till en tyst f\u00f6rsamling och med en minut kvar undrar om det finns n\u00e5gra fr\u00e5gor, den finns otroligt nog kvar p\u00e5 m\u00e5nga st\u00e4llen. L\u00e4randet m\u00e5ste bli interaktivt, vara relevant f\u00f6r den framtidsroll man vill ha och utformas f\u00f6r olika individers behov och l\u00e4rstilar. T\u00e4nk s\u00e5 kul det kommer att bli att jobbas med utbildning och l\u00e4rande d\u00e5, b\u00e5de f\u00f6r den som ska l\u00e4ra sig och den som l\u00e4r ut!<\/p>\n","protected":false},"excerpt":{"rendered":"<p>Vad har du f\u00f6r bakgrund? \u2013 Jag \u00e4r utbildad journalist men hamnade tidigt i roller d\u00e4r digitalisering och verksamhetsfr\u00e5gor i gr\u00e4nslandet mellan m\u00e4nniska och teknik stod i centrum. Har sedan haft roller som produktionsdirekt\u00f6r, CTO, &hellip;<\/p>\n","protected":false},"author":212,"featured_media":5242,"comment_status":"closed","ping_status":"closed","sticky":false,"template":"","format":"standard","meta":{"_acf_changed":false,"footnotes":""},"categories":[6],"tags":[],"article_type":[],"agreement":[],"for-members":[],"class_list":["post-5240","post","type-post","status-publish","format-standard","has-post-thumbnail","hentry","category-auktoriserat-medlemsforetag"],"acf":[],"yoast_head":"<!-- This site is optimized with the Yoast SEO plugin v26.8 - https:\/\/yoast.com\/product\/yoast-seo-wordpress\/ -->\n<title>Per Vidar Lundberg \u2013\u00a0Stockholms Tekniska Institut - Utbildningsf\u00f6retagen<\/title>\n<meta name=\"description\" content=\"\u201cDet finns inget roligare \u00e4n att se n\u00e4r lampan t\u00e4nds hos en m\u00e4nniska som precis l\u00e4rt sig n\u00e5got nytt. Magiskt!\u201d. L\u00e4s intervjun med Per Vidar Lundberg \u2013 Stockholms Tekniska Institut.\" \/>\n<meta name=\"robots\" content=\"index, follow, max-snippet:-1, max-image-preview:large, max-video-preview:-1\" \/>\n<link rel=\"canonical\" href=\"https:\/\/www.utbildningsforetagen.se\/2025\/06\/per-vidar-lundberg-stockholms-tekniska-institut\/\" \/>\n<meta property=\"og:locale\" content=\"sv_SE\" \/>\n<meta property=\"og:type\" content=\"article\" \/>\n<meta property=\"og:title\" content=\"Stockholms Tekniska Institut \u00e4r nu kvalitetsauktoriserade av Utbildningsf\u00f6retagen\" \/>\n<meta property=\"og:description\" content=\"\u201cDet finns inget roligare \u00e4n att se n\u00e4r lampan t\u00e4nds hos en m\u00e4nniska som precis l\u00e4rt sig n\u00e5got nytt. Magiskt!\u201d. L\u00e4s intervjun med Per Vidar Lundberg \u2013 Stockholms Tekniska Institut.\" \/>\n<meta property=\"og:url\" content=\"https:\/\/www.utbildningsforetagen.se\/2025\/06\/per-vidar-lundberg-stockholms-tekniska-institut\/\" \/>\n<meta property=\"og:site_name\" content=\"Utbildningsf\u00f6retagen\" \/>\n<meta property=\"article:published_time\" content=\"2025-06-09T06:26:46+00:00\" \/>\n<meta property=\"article:modified_time\" content=\"2025-06-09T06:32:08+00:00\" \/>\n<meta property=\"og:image\" content=\"https:\/\/www.utbildningsforetagen.se\/app\/uploads\/sites\/7\/2025\/06\/P1055202-scaled.jpg\" \/>\n\t<meta property=\"og:image:width\" content=\"2560\" \/>\n\t<meta property=\"og:image:height\" content=\"1440\" \/>\n\t<meta property=\"og:image:type\" content=\"image\/jpeg\" \/>\n<meta name=\"author\" content=\"Johan Winsborn\" \/>\n<meta name=\"twitter:card\" content=\"summary_large_image\" \/>\n<meta name=\"twitter:title\" content=\"Kvalitet \u00e4r viktigt f\u00f6r Stockholms Tekniska Institut\" \/>\n<meta name=\"twitter:description\" content=\"\u201cDet finns inget roligare \u00e4n att se n\u00e4r lampan t\u00e4nds hos en m\u00e4nniska som precis l\u00e4rt sig n\u00e5got nytt. Magiskt!\u201d. L\u00e4s intervjun med Per Vidar Lundberg \u2013 Stockholms Tekniska Institut.\" \/>\n<meta name=\"twitter:image\" content=\"https:\/\/www.utbildningsforetagen.se\/app\/uploads\/sites\/7\/2025\/06\/P1055202-scaled.jpg\" \/>\n<meta name=\"twitter:label1\" content=\"Skriven av\" \/>\n\t<meta name=\"twitter:data1\" content=\"Johan Winsborn\" \/>\n\t<meta name=\"twitter:label2\" content=\"Ber\u00e4knad l\u00e4stid\" \/>\n\t<meta name=\"twitter:data2\" content=\"3 minuter\" \/>\n<!-- \/ Yoast SEO plugin. -->","yoast_head_json":{"title":"Per Vidar Lundberg \u2013\u00a0Stockholms Tekniska Institut - Utbildningsf\u00f6retagen","description":"\u201cDet finns inget roligare \u00e4n att se n\u00e4r lampan t\u00e4nds hos en m\u00e4nniska som precis l\u00e4rt sig n\u00e5got nytt. Magiskt!\u201d. L\u00e4s intervjun med Per Vidar Lundberg \u2013 Stockholms Tekniska Institut.","robots":{"index":"index","follow":"follow","max-snippet":"max-snippet:-1","max-image-preview":"max-image-preview:large","max-video-preview":"max-video-preview:-1"},"canonical":"https:\/\/www.utbildningsforetagen.se\/2025\/06\/per-vidar-lundberg-stockholms-tekniska-institut\/","og_locale":"sv_SE","og_type":"article","og_title":"Stockholms Tekniska Institut \u00e4r nu kvalitetsauktoriserade av Utbildningsf\u00f6retagen","og_description":"\u201cDet finns inget roligare \u00e4n att se n\u00e4r lampan t\u00e4nds hos en m\u00e4nniska som precis l\u00e4rt sig n\u00e5got nytt. Magiskt!\u201d. L\u00e4s intervjun med Per Vidar Lundberg \u2013 Stockholms Tekniska Institut.","og_url":"https:\/\/www.utbildningsforetagen.se\/2025\/06\/per-vidar-lundberg-stockholms-tekniska-institut\/","og_site_name":"Utbildningsf\u00f6retagen","article_published_time":"2025-06-09T06:26:46+00:00","article_modified_time":"2025-06-09T06:32:08+00:00","og_image":[{"width":2560,"height":1440,"url":"https:\/\/www.utbildningsforetagen.se\/app\/uploads\/sites\/7\/2025\/06\/P1055202-scaled.jpg","type":"image\/jpeg"}],"author":"Johan Winsborn","twitter_card":"summary_large_image","twitter_title":"Kvalitet \u00e4r viktigt f\u00f6r Stockholms Tekniska Institut","twitter_description":"\u201cDet finns inget roligare \u00e4n att se n\u00e4r lampan t\u00e4nds hos en m\u00e4nniska som precis l\u00e4rt sig n\u00e5got nytt. Magiskt!\u201d. L\u00e4s intervjun med Per Vidar Lundberg \u2013 Stockholms Tekniska Institut.","twitter_image":"https:\/\/www.utbildningsforetagen.se\/app\/uploads\/sites\/7\/2025\/06\/P1055202-scaled.jpg","twitter_misc":{"Skriven av":"Johan Winsborn","Ber\u00e4knad l\u00e4stid":"3 minuter"},"schema":{"@context":"https:\/\/schema.org","@graph":[{"@type":"Article","@id":"https:\/\/www.utbildningsforetagen.se\/2025\/06\/per-vidar-lundberg-stockholms-tekniska-institut\/#article","isPartOf":{"@id":"https:\/\/www.utbildningsforetagen.se\/2025\/06\/per-vidar-lundberg-stockholms-tekniska-institut\/"},"author":{"name":"Johan Winsborn","@id":"https:\/\/www.utbildningsforetagen.se\/#\/schema\/person\/2f21060ff5c11749c74927be755ab12f"},"headline":"Per Vidar Lundberg \u2013\u00a0Stockholms Tekniska Institut","datePublished":"2025-06-09T06:26:46+00:00","dateModified":"2025-06-09T06:32:08+00:00","mainEntityOfPage":{"@id":"https:\/\/www.utbildningsforetagen.se\/2025\/06\/per-vidar-lundberg-stockholms-tekniska-institut\/"},"wordCount":507,"image":{"@id":"https:\/\/www.utbildningsforetagen.se\/2025\/06\/per-vidar-lundberg-stockholms-tekniska-institut\/#primaryimage"},"thumbnailUrl":"https:\/\/www.utbildningsforetagen.se\/app\/uploads\/sites\/7\/2025\/06\/P1055202-scaled.jpg","articleSection":["Auktoriserat medlemsf\u00f6retag"],"inLanguage":"sv-SE"},{"@type":"WebPage","@id":"https:\/\/www.utbildningsforetagen.se\/2025\/06\/per-vidar-lundberg-stockholms-tekniska-institut\/","url":"https:\/\/www.utbildningsforetagen.se\/2025\/06\/per-vidar-lundberg-stockholms-tekniska-institut\/","name":"Per Vidar Lundberg \u2013\u00a0Stockholms Tekniska Institut - Utbildningsf\u00f6retagen","isPartOf":{"@id":"https:\/\/www.utbildningsforetagen.se\/#website"},"primaryImageOfPage":{"@id":"https:\/\/www.utbildningsforetagen.se\/2025\/06\/per-vidar-lundberg-stockholms-tekniska-institut\/#primaryimage"},"image":{"@id":"https:\/\/www.utbildningsforetagen.se\/2025\/06\/per-vidar-lundberg-stockholms-tekniska-institut\/#primaryimage"},"thumbnailUrl":"https:\/\/www.utbildningsforetagen.se\/app\/uploads\/sites\/7\/2025\/06\/P1055202-scaled.jpg","datePublished":"2025-06-09T06:26:46+00:00","dateModified":"2025-06-09T06:32:08+00:00","author":{"@id":"https:\/\/www.utbildningsforetagen.se\/#\/schema\/person\/2f21060ff5c11749c74927be755ab12f"},"description":"\u201cDet finns inget roligare \u00e4n att se n\u00e4r lampan t\u00e4nds hos en m\u00e4nniska som precis l\u00e4rt sig n\u00e5got nytt. Magiskt!\u201d. L\u00e4s intervjun med Per Vidar Lundberg \u2013 Stockholms Tekniska Institut.","breadcrumb":{"@id":"https:\/\/www.utbildningsforetagen.se\/2025\/06\/per-vidar-lundberg-stockholms-tekniska-institut\/#breadcrumb"},"inLanguage":"sv-SE","potentialAction":[{"@type":"ReadAction","target":["https:\/\/www.utbildningsforetagen.se\/2025\/06\/per-vidar-lundberg-stockholms-tekniska-institut\/"]}]},{"@type":"ImageObject","inLanguage":"sv-SE","@id":"https:\/\/www.utbildningsforetagen.se\/2025\/06\/per-vidar-lundberg-stockholms-tekniska-institut\/#primaryimage","url":"https:\/\/www.utbildningsforetagen.se\/app\/uploads\/sites\/7\/2025\/06\/P1055202-scaled.jpg","contentUrl":"https:\/\/www.utbildningsforetagen.se\/app\/uploads\/sites\/7\/2025\/06\/P1055202-scaled.jpg","width":2560,"height":1440},{"@type":"BreadcrumbList","@id":"https:\/\/www.utbildningsforetagen.se\/2025\/06\/per-vidar-lundberg-stockholms-tekniska-institut\/#breadcrumb","itemListElement":[{"@type":"ListItem","position":1,"name":"Home","item":"https:\/\/www.utbildningsforetagen.se\/"},{"@type":"ListItem","position":2,"name":"Per Vidar Lundberg \u2013\u00a0Stockholms Tekniska Institut"}]},{"@type":"WebSite","@id":"https:\/\/www.utbildningsforetagen.se\/#website","url":"https:\/\/www.utbildningsforetagen.se\/","name":"Utbildningsf\u00f6retagen","description":"","potentialAction":[{"@type":"SearchAction","target":{"@type":"EntryPoint","urlTemplate":"https:\/\/www.utbildningsforetagen.se\/?s={search_term_string}"},"query-input":{"@type":"PropertyValueSpecification","valueRequired":true,"valueName":"search_term_string"}}],"inLanguage":"sv-SE"},{"@type":"Person","@id":"https:\/\/www.utbildningsforetagen.se\/#\/schema\/person\/2f21060ff5c11749c74927be755ab12f","name":"Johan Winsborn","image":{"@type":"ImageObject","inLanguage":"sv-SE","@id":"https:\/\/www.utbildningsforetagen.se\/#\/schema\/person\/image\/","url":"https:\/\/secure.gravatar.com\/avatar\/53e41e605eccdeb46d9a0c993c50bb1cb43722715d800792eaf7db709a41175c?s=96&d=mm&r=g","contentUrl":"https:\/\/secure.gravatar.com\/avatar\/53e41e605eccdeb46d9a0c993c50bb1cb43722715d800792eaf7db709a41175c?s=96&d=mm&r=g","caption":"Johan Winsborn"},"description":"Johan jobbar f\u00f6r Utbildningsf\u00f6retagen.","url":"https:\/\/www.utbildningsforetagen.se\/person\/johanwinsborn\/"}]}},"_links":{"self":[{"href":"https:\/\/www.utbildningsforetagen.se\/api\/wp\/v2\/posts\/5240","targetHints":{"allow":["GET"]}}],"collection":[{"href":"https:\/\/www.utbildningsforetagen.se\/api\/wp\/v2\/posts"}],"about":[{"href":"https:\/\/www.utbildningsforetagen.se\/api\/wp\/v2\/types\/post"}],"author":[{"embeddable":true,"href":"https:\/\/www.utbildningsforetagen.se\/api\/wp\/v2\/users\/212"}],"replies":[{"embeddable":true,"href":"https:\/\/www.utbildningsforetagen.se\/api\/wp\/v2\/comments?post=5240"}],"version-history":[{"count":1,"href":"https:\/\/www.utbildningsforetagen.se\/api\/wp\/v2\/posts\/5240\/revisions"}],"predecessor-version":[{"id":5241,"href":"https:\/\/www.utbildningsforetagen.se\/api\/wp\/v2\/posts\/5240\/revisions\/5241"}],"wp:featuredmedia":[{"embeddable":true,"href":"https:\/\/www.utbildningsforetagen.se\/api\/wp\/v2\/media\/5242"}],"wp:attachment":[{"href":"https:\/\/www.utbildningsforetagen.se\/api\/wp\/v2\/media?parent=5240"}],"wp:term":[{"taxonomy":"category","embeddable":true,"href":"https:\/\/www.utbildningsforetagen.se\/api\/wp\/v2\/categories?post=5240"},{"taxonomy":"post_tag","embeddable":true,"href":"https:\/\/www.utbildningsforetagen.se\/api\/wp\/v2\/tags?post=5240"},{"taxonomy":"type","embeddable":true,"href":"https:\/\/www.utbildningsforetagen.se\/api\/wp\/v2\/article_type?post=5240"},{"taxonomy":"agreement","embeddable":true,"href":"https:\/\/www.utbildningsforetagen.se\/api\/wp\/v2\/agreement?post=5240"},{"taxonomy":"for-members","embeddable":true,"href":"https:\/\/www.utbildningsforetagen.se\/api\/wp\/v2\/for-members?post=5240"}],"curies":[{"name":"wp","href":"https:\/\/api.w.org\/{rel}","templated":true}]}}