{"id":4569,"date":"2024-04-30T10:00:40","date_gmt":"2024-04-30T08:00:40","guid":{"rendered":"https:\/\/www.utbildningsforetagen.se\/?p=4569"},"modified":"2024-04-30T11:29:41","modified_gmt":"2024-04-30T09:29:41","slug":"evahanna-wittrin-sveriges-kommunikatorer","status":"publish","type":"post","link":"https:\/\/www.utbildningsforetagen.se\/2024\/04\/evahanna-wittrin-sveriges-kommunikatorer\/","title":{"rendered":"EvaHanna Wittrin \u2013 Sveriges Kommunikat\u00f6rer"},"content":{"rendered":"<p class=\"intro\">&#8221;Det \u00e4r viktigt f\u00f6r v\u00e5r utbildningsverksamhet att f\u00e5 en oberoende part att kvalitetss\u00e4kra det vi g\u00f6r&#8221;, s\u00e4ger EvaHanna Wittrin, kompetens-och aff\u00e4rsutvecklingschef p\u00e5 <a href=\"https:\/\/www.sverigeskommunikatorer.se\">Sveriges Kommunikat\u00f6rer<\/a>.<\/p>\n\n<p><strong>Vad har du f\u00f6r bakgrund?<\/strong><\/p>\n\n\n\n<p>\u2013 Jag har jobbat mer utbildningsverksamhet i 18 \u00e5r, alltifr\u00e5n retail p\u00e5 Interflora Akademin d\u00e4r butiks\u00e4gare beh\u00f6ver l\u00e4ra sig ekonomi, ledarskap, aff\u00e4rsutveckling\/aff\u00e4rsmannaskap, hantverket inom yrket till fastighetsbranschen d\u00e4r de som jobbar inom branschen beh\u00f6ver l\u00e4ra sig om lagar och regler till att stimulera unga talanger till branschen genom traineeprogram. <\/p>\n\n\n\n<p>\u2013 I dagsl\u00e4get \u00e4r jag kompetens-och aff\u00e4rsutvecklingschef sedan fyra \u00e5r tillbaka p\u00e5 Sveriges Kommunikat\u00f6rer.<\/p>\n\n\n\n<p><strong>Vad \u00e4r drivkraften i ditt arbete?<\/strong><\/p>\n\n\n\n<p>\u2013 Drivkraften \u00e4r att vara en kugge i en persons utveckling och f\u00e5 vara i fronten av utvecklingen inom utbildning- och kommunikationsomr\u00e5det. Kunskapslyft och \u201daha\u201d-upplevelser f\u00f6r de som f\u00e5r ny kunskap, att f\u00e5 ta del av det. Oj vad st\u00e4rkt man blir av att l\u00e4ra sig mer saker, man blir s\u00e4krare p\u00e5 sig sj\u00e4lv, sin profession och man g\u00f6r definitivt ett mycket b\u00e4ttre jobb. Och ha roligt, inte minst.<\/p>\n\n\n\n<p><strong>Vad g\u00f6r ni p\u00e5 Sveriges Kommunikat\u00f6rer?<\/strong><br>\u2013 Vi \u00e4r medlemsorganisationen f\u00f6r alla kommunikationsexperter och blivande kommunikationsproffs. Vi utbildar och n\u00e4tverkar f\u00f6r att fr\u00e4mja livsl\u00e5ngt l\u00e4rande och kompetensf\u00f6rs\u00f6rjning samtidigt som vi inspirerar och skapar gemenskap \u2013 oavsett var i Sverige man befinner sig.<\/p>\n\n\n\n<p><strong>Varf\u00f6r \u00e4r auktorisationen s\u00e5 viktig f\u00f6r Sveriges Kommunikat\u00f6rer?<\/strong><br>\u2014 Det \u00e4r viktigt f\u00f6r v\u00e5r utbildningsverksamhet att f\u00e5 en oberoende part att kvalitetss\u00e4kra det vi g\u00f6r. Det finns en del andra akt\u00f6rer inom omr\u00e5det vi jobbar med och utbildar i. Alla kan ju kommunicera att man f\u00e5r h\u00f6ga betyg i utv\u00e4rderingar och att pedagogerna \u00e4r bra.\u00a0 <\/p>\n\n\n\n<p>\u2013 S\u00e5 l\u00e4nge ingen har granskat och godk\u00e4nt verksamheten utifr\u00e5n objektivt s\u00e5 \u00e4r eget ber\u00f6m inte relevant. Det h\u00e4r betyder mycket f\u00f6r trov\u00e4rdigheten av den verksamhet som vi bedriver.<\/p>\n\n\n\n<p><strong>Vad tror du om branschens framtid?<\/strong><br>\u2013 Sp\u00e4nnande med m\u00e5nga utmaningar. Det finns ett otroligt stort behov hos arbetsf\u00f6ra personer att fortbilda sig eftersom vi lever i en konstant r\u00f6relse med fokus p\u00e5 ny teknologi. Det vi l\u00e4rde oss ig\u00e5r beh\u00f6ver uppdateras till morgondagen. <\/p>\n\n\n\n<p>\u2013 Vi har s\u00e5 m\u00e5nga m\u00f6jligheter att fortbilda m\u00e4nniskor d\u00e4r de befinner sig, oavsett geografi och vart man befinner sig i sin egen utvecklingsresa.<\/p>\n","protected":false},"excerpt":{"rendered":"<p>Vad har du f\u00f6r bakgrund? \u2013 Jag har jobbat mer utbildningsverksamhet i 18 \u00e5r, alltifr\u00e5n retail p\u00e5 Interflora Akademin d\u00e4r butiks\u00e4gare beh\u00f6ver l\u00e4ra sig ekonomi, ledarskap, aff\u00e4rsutveckling\/aff\u00e4rsmannaskap, hantverket inom yrket till fastighetsbranschen d\u00e4r de som &hellip;<\/p>\n","protected":false},"author":212,"featured_media":4573,"comment_status":"closed","ping_status":"closed","sticky":false,"template":"","format":"standard","meta":{"_acf_changed":false,"footnotes":""},"categories":[6],"tags":[],"article_type":[],"agreement":[],"for-members":[],"class_list":["post-4569","post","type-post","status-publish","format-standard","has-post-thumbnail","hentry","category-auktoriserat-medlemsforetag"],"acf":[],"yoast_head":"<!-- This site is optimized with the Yoast SEO plugin v26.8 - https:\/\/yoast.com\/product\/yoast-seo-wordpress\/ -->\n<title>EvaHanna Wittrin \u2013 Sveriges Kommunikat\u00f6rer - Utbildningsf\u00f6retagen<\/title>\n<meta name=\"description\" content=\"&quot;Det \u00e4r viktigt f\u00f6r v\u00e5r utbildningsverksamhet att f\u00e5 en oberoende part att kvalitetss\u00e4kra det vi g\u00f6r&quot;. L\u00e4s intervjun med EvaHanna Wittrin \u2013 Sveriges Kommunikat\u00f6rer.\" \/>\n<meta name=\"robots\" content=\"index, follow, max-snippet:-1, max-image-preview:large, max-video-preview:-1\" \/>\n<link rel=\"canonical\" href=\"https:\/\/www.utbildningsforetagen.se\/2024\/04\/evahanna-wittrin-sveriges-kommunikatorer\/\" \/>\n<meta property=\"og:locale\" content=\"sv_SE\" \/>\n<meta property=\"og:type\" content=\"article\" \/>\n<meta property=\"og:title\" content=\"Sveriges Kommunikat\u00f6rer \u00e4r nu kvalitetsauktoriserade av Utbildningsf\u00f6retagen\" \/>\n<meta property=\"og:description\" content=\"Sveriges Kommunikat\u00f6rer \u00e4r ett seri\u00f6st utbildningsf\u00f6retag som \u00e4r auktoriserade av Almega Utbildningsf\u00f6retagen.\" \/>\n<meta property=\"og:url\" content=\"https:\/\/www.utbildningsforetagen.se\/2024\/04\/evahanna-wittrin-sveriges-kommunikatorer\/\" \/>\n<meta property=\"og:site_name\" content=\"Utbildningsf\u00f6retagen\" \/>\n<meta property=\"article:published_time\" content=\"2024-04-30T08:00:40+00:00\" \/>\n<meta property=\"article:modified_time\" content=\"2024-04-30T09:29:41+00:00\" \/>\n<meta property=\"og:image\" content=\"https:\/\/www.utbildningsforetagen.se\/app\/uploads\/sites\/7\/2024\/04\/EvaHanna-Wittrin-2024.jpg\" \/>\n\t<meta property=\"og:image:width\" content=\"1417\" \/>\n\t<meta property=\"og:image:height\" content=\"945\" \/>\n\t<meta property=\"og:image:type\" content=\"image\/jpeg\" \/>\n<meta name=\"author\" content=\"Johan Winsborn\" \/>\n<meta name=\"twitter:card\" content=\"summary_large_image\" \/>\n<meta name=\"twitter:title\" content=\"Kvalitet \u00e4r viktigt f\u00f6r Sveriges Kommunikat\u00f6rer\" \/>\n<meta name=\"twitter:description\" content=\"Nu \u00e4r Sveriges Kommunikat\u00f6rer ett auktoriserat utbildningsf\u00f6retag. Det visar att f\u00f6retaget tar kvalitet och aff\u00e4rsetik p\u00e5 h\u00f6gsta allvar.\" \/>\n<meta name=\"twitter:image\" content=\"https:\/\/www.utbildningsforetagen.se\/app\/uploads\/sites\/7\/2024\/04\/EvaHanna-Wittrin-2024.jpg\" \/>\n<meta name=\"twitter:label1\" content=\"Skriven av\" \/>\n\t<meta name=\"twitter:data1\" content=\"Johan Winsborn\" \/>\n\t<meta name=\"twitter:label2\" content=\"Ber\u00e4knad l\u00e4stid\" \/>\n\t<meta name=\"twitter:data2\" content=\"2 minuter\" \/>\n<!-- \/ Yoast SEO plugin. -->","yoast_head_json":{"title":"EvaHanna Wittrin \u2013 Sveriges Kommunikat\u00f6rer - Utbildningsf\u00f6retagen","description":"\"Det \u00e4r viktigt f\u00f6r v\u00e5r utbildningsverksamhet att f\u00e5 en oberoende part att kvalitetss\u00e4kra det vi g\u00f6r\". L\u00e4s intervjun med EvaHanna Wittrin \u2013 Sveriges Kommunikat\u00f6rer.","robots":{"index":"index","follow":"follow","max-snippet":"max-snippet:-1","max-image-preview":"max-image-preview:large","max-video-preview":"max-video-preview:-1"},"canonical":"https:\/\/www.utbildningsforetagen.se\/2024\/04\/evahanna-wittrin-sveriges-kommunikatorer\/","og_locale":"sv_SE","og_type":"article","og_title":"Sveriges Kommunikat\u00f6rer \u00e4r nu kvalitetsauktoriserade av Utbildningsf\u00f6retagen","og_description":"Sveriges Kommunikat\u00f6rer \u00e4r ett seri\u00f6st utbildningsf\u00f6retag som \u00e4r auktoriserade av Almega Utbildningsf\u00f6retagen.","og_url":"https:\/\/www.utbildningsforetagen.se\/2024\/04\/evahanna-wittrin-sveriges-kommunikatorer\/","og_site_name":"Utbildningsf\u00f6retagen","article_published_time":"2024-04-30T08:00:40+00:00","article_modified_time":"2024-04-30T09:29:41+00:00","og_image":[{"width":1417,"height":945,"url":"https:\/\/www.utbildningsforetagen.se\/app\/uploads\/sites\/7\/2024\/04\/EvaHanna-Wittrin-2024.jpg","type":"image\/jpeg"}],"author":"Johan Winsborn","twitter_card":"summary_large_image","twitter_title":"Kvalitet \u00e4r viktigt f\u00f6r Sveriges Kommunikat\u00f6rer","twitter_description":"Nu \u00e4r Sveriges Kommunikat\u00f6rer ett auktoriserat utbildningsf\u00f6retag. Det visar att f\u00f6retaget tar kvalitet och aff\u00e4rsetik p\u00e5 h\u00f6gsta allvar.","twitter_image":"https:\/\/www.utbildningsforetagen.se\/app\/uploads\/sites\/7\/2024\/04\/EvaHanna-Wittrin-2024.jpg","twitter_misc":{"Skriven av":"Johan Winsborn","Ber\u00e4knad l\u00e4stid":"2 minuter"},"schema":{"@context":"https:\/\/schema.org","@graph":[{"@type":"Article","@id":"https:\/\/www.utbildningsforetagen.se\/2024\/04\/evahanna-wittrin-sveriges-kommunikatorer\/#article","isPartOf":{"@id":"https:\/\/www.utbildningsforetagen.se\/2024\/04\/evahanna-wittrin-sveriges-kommunikatorer\/"},"author":{"name":"Johan Winsborn","@id":"https:\/\/www.utbildningsforetagen.se\/#\/schema\/person\/2f21060ff5c11749c74927be755ab12f"},"headline":"EvaHanna Wittrin \u2013 Sveriges Kommunikat\u00f6rer","datePublished":"2024-04-30T08:00:40+00:00","dateModified":"2024-04-30T09:29:41+00:00","mainEntityOfPage":{"@id":"https:\/\/www.utbildningsforetagen.se\/2024\/04\/evahanna-wittrin-sveriges-kommunikatorer\/"},"wordCount":397,"image":{"@id":"https:\/\/www.utbildningsforetagen.se\/2024\/04\/evahanna-wittrin-sveriges-kommunikatorer\/#primaryimage"},"thumbnailUrl":"https:\/\/www.utbildningsforetagen.se\/app\/uploads\/sites\/7\/2024\/04\/EvaHanna-Wittrin-2024.jpg","articleSection":["Auktoriserat medlemsf\u00f6retag"],"inLanguage":"sv-SE"},{"@type":"WebPage","@id":"https:\/\/www.utbildningsforetagen.se\/2024\/04\/evahanna-wittrin-sveriges-kommunikatorer\/","url":"https:\/\/www.utbildningsforetagen.se\/2024\/04\/evahanna-wittrin-sveriges-kommunikatorer\/","name":"EvaHanna Wittrin \u2013 Sveriges Kommunikat\u00f6rer - Utbildningsf\u00f6retagen","isPartOf":{"@id":"https:\/\/www.utbildningsforetagen.se\/#website"},"primaryImageOfPage":{"@id":"https:\/\/www.utbildningsforetagen.se\/2024\/04\/evahanna-wittrin-sveriges-kommunikatorer\/#primaryimage"},"image":{"@id":"https:\/\/www.utbildningsforetagen.se\/2024\/04\/evahanna-wittrin-sveriges-kommunikatorer\/#primaryimage"},"thumbnailUrl":"https:\/\/www.utbildningsforetagen.se\/app\/uploads\/sites\/7\/2024\/04\/EvaHanna-Wittrin-2024.jpg","datePublished":"2024-04-30T08:00:40+00:00","dateModified":"2024-04-30T09:29:41+00:00","author":{"@id":"https:\/\/www.utbildningsforetagen.se\/#\/schema\/person\/2f21060ff5c11749c74927be755ab12f"},"description":"\"Det \u00e4r viktigt f\u00f6r v\u00e5r utbildningsverksamhet att f\u00e5 en oberoende part att kvalitetss\u00e4kra det vi g\u00f6r\". L\u00e4s intervjun med EvaHanna Wittrin \u2013 Sveriges Kommunikat\u00f6rer.","breadcrumb":{"@id":"https:\/\/www.utbildningsforetagen.se\/2024\/04\/evahanna-wittrin-sveriges-kommunikatorer\/#breadcrumb"},"inLanguage":"sv-SE","potentialAction":[{"@type":"ReadAction","target":["https:\/\/www.utbildningsforetagen.se\/2024\/04\/evahanna-wittrin-sveriges-kommunikatorer\/"]}]},{"@type":"ImageObject","inLanguage":"sv-SE","@id":"https:\/\/www.utbildningsforetagen.se\/2024\/04\/evahanna-wittrin-sveriges-kommunikatorer\/#primaryimage","url":"https:\/\/www.utbildningsforetagen.se\/app\/uploads\/sites\/7\/2024\/04\/EvaHanna-Wittrin-2024.jpg","contentUrl":"https:\/\/www.utbildningsforetagen.se\/app\/uploads\/sites\/7\/2024\/04\/EvaHanna-Wittrin-2024.jpg","width":1417,"height":945},{"@type":"BreadcrumbList","@id":"https:\/\/www.utbildningsforetagen.se\/2024\/04\/evahanna-wittrin-sveriges-kommunikatorer\/#breadcrumb","itemListElement":[{"@type":"ListItem","position":1,"name":"Home","item":"https:\/\/www.utbildningsforetagen.se\/"},{"@type":"ListItem","position":2,"name":"EvaHanna Wittrin \u2013 Sveriges Kommunikat\u00f6rer"}]},{"@type":"WebSite","@id":"https:\/\/www.utbildningsforetagen.se\/#website","url":"https:\/\/www.utbildningsforetagen.se\/","name":"Utbildningsf\u00f6retagen","description":"","potentialAction":[{"@type":"SearchAction","target":{"@type":"EntryPoint","urlTemplate":"https:\/\/www.utbildningsforetagen.se\/?s={search_term_string}"},"query-input":{"@type":"PropertyValueSpecification","valueRequired":true,"valueName":"search_term_string"}}],"inLanguage":"sv-SE"},{"@type":"Person","@id":"https:\/\/www.utbildningsforetagen.se\/#\/schema\/person\/2f21060ff5c11749c74927be755ab12f","name":"Johan Winsborn","image":{"@type":"ImageObject","inLanguage":"sv-SE","@id":"https:\/\/www.utbildningsforetagen.se\/#\/schema\/person\/image\/","url":"https:\/\/secure.gravatar.com\/avatar\/53e41e605eccdeb46d9a0c993c50bb1cb43722715d800792eaf7db709a41175c?s=96&d=mm&r=g","contentUrl":"https:\/\/secure.gravatar.com\/avatar\/53e41e605eccdeb46d9a0c993c50bb1cb43722715d800792eaf7db709a41175c?s=96&d=mm&r=g","caption":"Johan Winsborn"},"description":"Johan jobbar f\u00f6r Utbildningsf\u00f6retagen.","url":"https:\/\/www.utbildningsforetagen.se\/person\/johanwinsborn\/"}]}},"_links":{"self":[{"href":"https:\/\/www.utbildningsforetagen.se\/api\/wp\/v2\/posts\/4569","targetHints":{"allow":["GET"]}}],"collection":[{"href":"https:\/\/www.utbildningsforetagen.se\/api\/wp\/v2\/posts"}],"about":[{"href":"https:\/\/www.utbildningsforetagen.se\/api\/wp\/v2\/types\/post"}],"author":[{"embeddable":true,"href":"https:\/\/www.utbildningsforetagen.se\/api\/wp\/v2\/users\/212"}],"replies":[{"embeddable":true,"href":"https:\/\/www.utbildningsforetagen.se\/api\/wp\/v2\/comments?post=4569"}],"version-history":[{"count":9,"href":"https:\/\/www.utbildningsforetagen.se\/api\/wp\/v2\/posts\/4569\/revisions"}],"predecessor-version":[{"id":4582,"href":"https:\/\/www.utbildningsforetagen.se\/api\/wp\/v2\/posts\/4569\/revisions\/4582"}],"wp:featuredmedia":[{"embeddable":true,"href":"https:\/\/www.utbildningsforetagen.se\/api\/wp\/v2\/media\/4573"}],"wp:attachment":[{"href":"https:\/\/www.utbildningsforetagen.se\/api\/wp\/v2\/media?parent=4569"}],"wp:term":[{"taxonomy":"category","embeddable":true,"href":"https:\/\/www.utbildningsforetagen.se\/api\/wp\/v2\/categories?post=4569"},{"taxonomy":"post_tag","embeddable":true,"href":"https:\/\/www.utbildningsforetagen.se\/api\/wp\/v2\/tags?post=4569"},{"taxonomy":"type","embeddable":true,"href":"https:\/\/www.utbildningsforetagen.se\/api\/wp\/v2\/article_type?post=4569"},{"taxonomy":"agreement","embeddable":true,"href":"https:\/\/www.utbildningsforetagen.se\/api\/wp\/v2\/agreement?post=4569"},{"taxonomy":"for-members","embeddable":true,"href":"https:\/\/www.utbildningsforetagen.se\/api\/wp\/v2\/for-members?post=4569"}],"curies":[{"name":"wp","href":"https:\/\/api.w.org\/{rel}","templated":true}]}}