{"id":1815,"date":"2020-09-30T10:36:35","date_gmt":"2020-09-30T08:36:35","guid":{"rendered":"https:\/\/www.utbildningsforetagen.se\/?p=1815"},"modified":"2023-04-19T16:22:11","modified_gmt":"2023-04-19T14:22:11","slug":"auktorisationen-ar-viktig-for-consensus","status":"publish","type":"post","link":"https:\/\/www.utbildningsforetagen.se\/2020\/09\/auktorisationen-ar-viktig-for-consensus\/","title":{"rendered":"Maja von Stedingk Wigren &#8211; Consensus"},"content":{"rendered":"<p class=\"intro\">&#8221;<a href=\"https:\/\/www.consensus.nu\/\">Consensus<\/a> \u00e4r noga med detaljerna och vi vill alltid \u00f6vertr\u00e4ffa f\u00f6rv\u00e4ntningar. Auktorisationen ger oss sj\u00e4lva, v\u00e5ra kunder och v\u00e5ra studerande bevis p\u00e5 att vi h\u00e5ller h\u00f6g kvalitet&#8221;. Det s\u00e4ger <a href=\"https:\/\/www.linkedin.com\/in\/maja-von-stedingk-wigren-74390a34\/\">Maja von Stedingk Wigren<\/a> som \u00e4r utbildningschef p\u00e5 det auktoriserade utbildningsf\u00f6retaget Consensus.<\/p>\n\n<p><strong>Vad har du f\u00f6r bakgrund?<\/strong><br>\u2013 Jag har alltid jobbat med mina tv\u00e5 stora intresseomr\u00e5den: utbildning och kommunikation. Jag \u00e4r utbildad l\u00e4rare och har l\u00e5ng undervisningserfarenhet fr\u00e5n framf\u00f6r allt universitet, men ocks\u00e5 riksgymnasiet f\u00f6r d\u00f6va och h\u00f6rselskadade. Jag jobbar g\u00e4rna strategiskt och har h\u00e5llit p\u00e5 mycket med kurs- och programutveckling, men har ocks\u00e5 jobbat med marknadsf\u00f6ring och kommunikation. Nu leder jag Consensus Academy vilket \u00e4r v\u00e5r utbildningsavdelning som b\u00e5de jobbar med f\u00f6retags- och yrkesh\u00f6gskoleutbildningar.<\/p>\n\n\n\n<p><strong>Vad \u00e4r drivkraften i ditt arbete?<\/strong><br>\u2013 Att skapa utbildningar och l\u00e4rsituationer som ger f\u00f6ruts\u00e4ttningar f\u00f6r f\u00f6r\u00e4ndring. Jag \u00e4r fascinerad av l\u00e4rande och m\u00e4nniskors f\u00f6rm\u00e5ga till utveckling genom att f\u00e5 nya kunskaper, eller nya perspektiv p\u00e5 s\u00e5dant vi redan visste. Jag tror ocks\u00e5 stenh\u00e5rt p\u00e5 utbildning som en av de viktigaste delarna i att ta b\u00e5de verksamheter och samh\u00e4llet fram\u00e5t. Att f\u00e5 driva utbildningsdesign och matcha modern, relevant och i viss m\u00e5n utmanande kunskap mot utbildningsdeltagare som i sin tur tar kunskaperna vidare och kan g\u00f6ra ett b\u00e4ttre jobb, v\u00e4xa som individer och bidra \u00e4nnu mer till organisationers och samh\u00e4llets utveckling \u2013 det k\u00e4nns grymt!<\/p>\n\n\n\n<p><strong>Vad g\u00f6r ni p\u00e5 Consensus?<\/strong><br>\u2013 Consensus jobbar med kompetensf\u00f6rs\u00f6rjning genom utbildning, rekrytering och konsultst\u00f6d. I v\u00e5r academy jobbar vi med f\u00f6retagsutbildningar, b\u00e5de \u00f6ppna och skr\u00e4ddarsydda, inom framf\u00f6r allt ledarskap och teknik. V\u00e5ra ledarskapsutbildningar str\u00e4cker sig \u00f6ver alla niv\u00e5er \u2013 fr\u00e5n teamledare och nya chefer till erfarna chefer och ledningsgrupper. Dessutom driver vi tv\u00e5 yrkesh\u00f6gskoleutbildningar varav en p\u00e5 distans.<\/p>\n\n\n\n<p><strong>Varf\u00f6r \u00e4r auktorisationen viktig f\u00f6r Consensus?<\/strong><br>\u2013 Consensus \u00e4r noga med detaljerna och vill alltid \u00f6vertr\u00e4ffa f\u00f6rv\u00e4ntningar. Auktorisationen ger oss sj\u00e4lva, v\u00e5ra kunder (potentiella och befintliga) och v\u00e5ra studerande bevis p\u00e5 att vi h\u00e5ller den kvalitet vi vill. V\u00e5rt kvalitetsarbete p\u00e5g\u00e5r hela tiden och det k\u00e4nns v\u00e4ldigt bra att ing\u00e5 i den skara av verksamheter som uppfyller Almegas h\u00f6ga krav p\u00e5 en utbildningsverksamhet. Den som utbildar sig investerar tid och engagemang och har r\u00e4tt att f\u00f6rv\u00e4nta sig en professionell och kunnig utbildningsanordnare, vilket auktorisationen bevisar att vi \u00e4r.<\/p>\n\n\n\n<p><strong>Hur t\u00e4nker du om framtiden f\u00f6r branschen?<br><\/strong>\u2013 Oavsett samh\u00e4llsutvecklingen kommer utbildning alltid att beh\u00f6vas, b\u00e5de p\u00e5 grundniv\u00e5 och som vidareutveckling. F\u00f6r att h\u00e5lla sig framme och forts\u00e4tta vara relevant som utbildningsanordnare tror jag det \u00e4r viktigt att utveckla b\u00e5de inneh\u00e5ll och form f\u00f6r utbildningarna.<\/p>\n\n\n\n<p>\u2013 H\u00e5llbarhet beh\u00f6ver bli ett ledord. Det b\u00f6r ing\u00e5 i s\u00e5 gott som alla utbildningar f\u00f6r att f\u00f6r\u00e4ndra m\u00e4nniskors beteenden och g\u00f6ra medvetna val kring h\u00e5llbarhet g\u00e4llande t. ex. klimatp\u00e5verkan, ledarskap och relationer. I v\u00e5ra utf\u00f6randen beh\u00f6ver vi som utbildningsanordnare ocks\u00e5 t\u00e4nka aktivt p\u00e5 utbildningarnas p\u00e5verkan p\u00e5 v\u00e5r omv\u00e4rld genom att ta h\u00e4nsyn till s\u00e5dant som platsbundet\/digitalt, resor, utbildningsmaterial, lokaler, leverant\u00f6rer och s\u00e5 vidare. Jag tror p\u00e5 samarbeten och att vi i utbildningsbranschen fram\u00f6ver beh\u00f6ver hitta nya samarbetspartners och -former f\u00f6r att uppn\u00e5 v\u00e5ra h\u00e5llbarhetsm\u00e5l, n\u00e5got som \u00e4r en f\u00f6ruts\u00e4ttning f\u00f6r att p\u00e5 olika s\u00e4tt bidra till en h\u00e5llbar framtid.<\/p>\n","protected":false},"excerpt":{"rendered":"<p>Vad har du f\u00f6r bakgrund?\u2013 Jag har alltid jobbat med mina tv\u00e5 stora intresseomr\u00e5den: utbildning och kommunikation. Jag \u00e4r utbildad l\u00e4rare och har l\u00e5ng undervisningserfarenhet fr\u00e5n framf\u00f6r allt universitet, men ocks\u00e5 riksgymnasiet f\u00f6r d\u00f6va och &hellip;<\/p>\n","protected":false},"author":222,"featured_media":1820,"comment_status":"closed","ping_status":"closed","sticky":false,"template":"","format":"standard","meta":{"_acf_changed":false,"footnotes":""},"categories":[6],"tags":[],"article_type":[],"agreement":[],"for-members":[],"class_list":["post-1815","post","type-post","status-publish","format-standard","has-post-thumbnail","hentry","category-auktoriserat-medlemsforetag"],"acf":[],"yoast_head":"<!-- This site is optimized with the Yoast SEO plugin v26.8 - https:\/\/yoast.com\/product\/yoast-seo-wordpress\/ -->\n<title>Maja von Stedingk Wigren - Consensus - Utbildningsf\u00f6retagen<\/title>\n<meta name=\"description\" content=\"\u2013 Consensus \u00e4r noga med detaljerna och vi vill alltid \u00f6vertr\u00e4ffa f\u00f6rv\u00e4ntningar. Auktorisationen ger oss sj\u00e4lva, v\u00e5ra kunder och v\u00e5ra studerande bevis p\u00e5 att vi h\u00e5ller h\u00f6g kvalitet.\" \/>\n<meta name=\"robots\" content=\"index, follow, max-snippet:-1, max-image-preview:large, max-video-preview:-1\" \/>\n<link rel=\"canonical\" href=\"https:\/\/www.utbildningsforetagen.se\/2020\/09\/auktorisationen-ar-viktig-for-consensus\/\" \/>\n<meta property=\"og:locale\" content=\"sv_SE\" \/>\n<meta property=\"og:type\" content=\"article\" \/>\n<meta property=\"og:title\" content=\"Maja von Stedingk Wigren - Consensus - Utbildningsf\u00f6retagen\" \/>\n<meta property=\"og:description\" content=\"\u2013 Consensus \u00e4r noga med detaljerna och vi vill alltid \u00f6vertr\u00e4ffa f\u00f6rv\u00e4ntningar. Auktorisationen ger oss sj\u00e4lva, v\u00e5ra kunder och v\u00e5ra studerande bevis p\u00e5 att vi h\u00e5ller h\u00f6g kvalitet.\" \/>\n<meta property=\"og:url\" content=\"https:\/\/www.utbildningsforetagen.se\/2020\/09\/auktorisationen-ar-viktig-for-consensus\/\" \/>\n<meta property=\"og:site_name\" content=\"Utbildningsf\u00f6retagen\" \/>\n<meta property=\"article:published_time\" content=\"2020-09-30T08:36:35+00:00\" \/>\n<meta property=\"article:modified_time\" content=\"2023-04-19T14:22:11+00:00\" \/>\n<meta property=\"og:image\" content=\"https:\/\/www.utbildningsforetagen.se\/app\/uploads\/sites\/7\/2020\/09\/maja-consensus-2.jpg\" \/>\n\t<meta property=\"og:image:width\" content=\"2283\" \/>\n\t<meta property=\"og:image:height\" content=\"1815\" \/>\n\t<meta property=\"og:image:type\" content=\"image\/jpeg\" \/>\n<meta name=\"author\" content=\"Fredric Sk\u00e4lstad\" \/>\n<meta name=\"twitter:card\" content=\"summary_large_image\" \/>\n<meta name=\"twitter:title\" content=\"Auktorisationen \u00e4r viktig f\u00f6r Consensus\" \/>\n<meta name=\"twitter:description\" content=\"\u2013 Consensus \u00e4r noga med detaljerna och vi vill alltid \u00f6vertr\u00e4ffa f\u00f6rv\u00e4ntningar. Auktorisationen ger oss sj\u00e4lva, v\u00e5ra kunder och v\u00e5ra studerande bevis p\u00e5 att vi h\u00e5ller h\u00f6g kvalitet.\" \/>\n<meta name=\"twitter:image\" content=\"https:\/\/www.utbildningsforetagen.se\/app\/uploads\/sites\/7\/2020\/09\/maja-consensus-2.jpg\" \/>\n<meta name=\"twitter:label1\" content=\"Skriven av\" \/>\n\t<meta name=\"twitter:data1\" content=\"Fredric Sk\u00e4lstad\" \/>\n\t<meta name=\"twitter:label2\" content=\"Ber\u00e4knad l\u00e4stid\" \/>\n\t<meta name=\"twitter:data2\" content=\"3 minuter\" \/>\n<!-- \/ Yoast SEO plugin. -->","yoast_head_json":{"title":"Maja von Stedingk Wigren - Consensus - Utbildningsf\u00f6retagen","description":"\u2013 Consensus \u00e4r noga med detaljerna och vi vill alltid \u00f6vertr\u00e4ffa f\u00f6rv\u00e4ntningar. Auktorisationen ger oss sj\u00e4lva, v\u00e5ra kunder och v\u00e5ra studerande bevis p\u00e5 att vi h\u00e5ller h\u00f6g kvalitet.","robots":{"index":"index","follow":"follow","max-snippet":"max-snippet:-1","max-image-preview":"max-image-preview:large","max-video-preview":"max-video-preview:-1"},"canonical":"https:\/\/www.utbildningsforetagen.se\/2020\/09\/auktorisationen-ar-viktig-for-consensus\/","og_locale":"sv_SE","og_type":"article","og_title":"Maja von Stedingk Wigren - Consensus - Utbildningsf\u00f6retagen","og_description":"\u2013 Consensus \u00e4r noga med detaljerna och vi vill alltid \u00f6vertr\u00e4ffa f\u00f6rv\u00e4ntningar. Auktorisationen ger oss sj\u00e4lva, v\u00e5ra kunder och v\u00e5ra studerande bevis p\u00e5 att vi h\u00e5ller h\u00f6g kvalitet.","og_url":"https:\/\/www.utbildningsforetagen.se\/2020\/09\/auktorisationen-ar-viktig-for-consensus\/","og_site_name":"Utbildningsf\u00f6retagen","article_published_time":"2020-09-30T08:36:35+00:00","article_modified_time":"2023-04-19T14:22:11+00:00","og_image":[{"width":2283,"height":1815,"url":"https:\/\/www.utbildningsforetagen.se\/app\/uploads\/sites\/7\/2020\/09\/maja-consensus-2.jpg","type":"image\/jpeg"}],"author":"Fredric Sk\u00e4lstad","twitter_card":"summary_large_image","twitter_title":"Auktorisationen \u00e4r viktig f\u00f6r Consensus","twitter_description":"\u2013 Consensus \u00e4r noga med detaljerna och vi vill alltid \u00f6vertr\u00e4ffa f\u00f6rv\u00e4ntningar. Auktorisationen ger oss sj\u00e4lva, v\u00e5ra kunder och v\u00e5ra studerande bevis p\u00e5 att vi h\u00e5ller h\u00f6g kvalitet.","twitter_image":"https:\/\/www.utbildningsforetagen.se\/app\/uploads\/sites\/7\/2020\/09\/maja-consensus-2.jpg","twitter_misc":{"Skriven av":"Fredric Sk\u00e4lstad","Ber\u00e4knad l\u00e4stid":"3 minuter"},"schema":{"@context":"https:\/\/schema.org","@graph":[{"@type":"Article","@id":"https:\/\/www.utbildningsforetagen.se\/2020\/09\/auktorisationen-ar-viktig-for-consensus\/#article","isPartOf":{"@id":"https:\/\/www.utbildningsforetagen.se\/2020\/09\/auktorisationen-ar-viktig-for-consensus\/"},"author":{"name":"Fredric Sk\u00e4lstad","@id":"https:\/\/www.utbildningsforetagen.se\/#\/schema\/person\/72cd48bb411dea15e40f11d726e9eeeb"},"headline":"Maja von Stedingk Wigren &#8211; Consensus","datePublished":"2020-09-30T08:36:35+00:00","dateModified":"2023-04-19T14:22:11+00:00","mainEntityOfPage":{"@id":"https:\/\/www.utbildningsforetagen.se\/2020\/09\/auktorisationen-ar-viktig-for-consensus\/"},"wordCount":583,"image":{"@id":"https:\/\/www.utbildningsforetagen.se\/2020\/09\/auktorisationen-ar-viktig-for-consensus\/#primaryimage"},"thumbnailUrl":"https:\/\/www.utbildningsforetagen.se\/app\/uploads\/sites\/7\/2020\/09\/maja-consensus-4.jpg","articleSection":["Auktoriserat medlemsf\u00f6retag"],"inLanguage":"sv-SE"},{"@type":"WebPage","@id":"https:\/\/www.utbildningsforetagen.se\/2020\/09\/auktorisationen-ar-viktig-for-consensus\/","url":"https:\/\/www.utbildningsforetagen.se\/2020\/09\/auktorisationen-ar-viktig-for-consensus\/","name":"Maja von Stedingk Wigren - Consensus - Utbildningsf\u00f6retagen","isPartOf":{"@id":"https:\/\/www.utbildningsforetagen.se\/#website"},"primaryImageOfPage":{"@id":"https:\/\/www.utbildningsforetagen.se\/2020\/09\/auktorisationen-ar-viktig-for-consensus\/#primaryimage"},"image":{"@id":"https:\/\/www.utbildningsforetagen.se\/2020\/09\/auktorisationen-ar-viktig-for-consensus\/#primaryimage"},"thumbnailUrl":"https:\/\/www.utbildningsforetagen.se\/app\/uploads\/sites\/7\/2020\/09\/maja-consensus-4.jpg","datePublished":"2020-09-30T08:36:35+00:00","dateModified":"2023-04-19T14:22:11+00:00","author":{"@id":"https:\/\/www.utbildningsforetagen.se\/#\/schema\/person\/72cd48bb411dea15e40f11d726e9eeeb"},"description":"\u2013 Consensus \u00e4r noga med detaljerna och vi vill alltid \u00f6vertr\u00e4ffa f\u00f6rv\u00e4ntningar. Auktorisationen ger oss sj\u00e4lva, v\u00e5ra kunder och v\u00e5ra studerande bevis p\u00e5 att vi h\u00e5ller h\u00f6g kvalitet.","breadcrumb":{"@id":"https:\/\/www.utbildningsforetagen.se\/2020\/09\/auktorisationen-ar-viktig-for-consensus\/#breadcrumb"},"inLanguage":"sv-SE","potentialAction":[{"@type":"ReadAction","target":["https:\/\/www.utbildningsforetagen.se\/2020\/09\/auktorisationen-ar-viktig-for-consensus\/"]}]},{"@type":"ImageObject","inLanguage":"sv-SE","@id":"https:\/\/www.utbildningsforetagen.se\/2020\/09\/auktorisationen-ar-viktig-for-consensus\/#primaryimage","url":"https:\/\/www.utbildningsforetagen.se\/app\/uploads\/sites\/7\/2020\/09\/maja-consensus-4.jpg","contentUrl":"https:\/\/www.utbildningsforetagen.se\/app\/uploads\/sites\/7\/2020\/09\/maja-consensus-4.jpg","width":2283,"height":1815},{"@type":"BreadcrumbList","@id":"https:\/\/www.utbildningsforetagen.se\/2020\/09\/auktorisationen-ar-viktig-for-consensus\/#breadcrumb","itemListElement":[{"@type":"ListItem","position":1,"name":"Home","item":"https:\/\/www.utbildningsforetagen.se\/"},{"@type":"ListItem","position":2,"name":"Maja von Stedingk Wigren &#8211; Consensus"}]},{"@type":"WebSite","@id":"https:\/\/www.utbildningsforetagen.se\/#website","url":"https:\/\/www.utbildningsforetagen.se\/","name":"Utbildningsf\u00f6retagen","description":"","potentialAction":[{"@type":"SearchAction","target":{"@type":"EntryPoint","urlTemplate":"https:\/\/www.utbildningsforetagen.se\/?s={search_term_string}"},"query-input":{"@type":"PropertyValueSpecification","valueRequired":true,"valueName":"search_term_string"}}],"inLanguage":"sv-SE"},{"@type":"Person","@id":"https:\/\/www.utbildningsforetagen.se\/#\/schema\/person\/72cd48bb411dea15e40f11d726e9eeeb","name":"Fredric Sk\u00e4lstad","image":{"@type":"ImageObject","inLanguage":"sv-SE","@id":"https:\/\/www.utbildningsforetagen.se\/#\/schema\/person\/image\/","url":"https:\/\/secure.gravatar.com\/avatar\/64f20bf3ac13c78aedd6054f495d1a00b38234d6bf532fa3b1cb3ff0bcc24f8d?s=96&d=mm&r=g","contentUrl":"https:\/\/secure.gravatar.com\/avatar\/64f20bf3ac13c78aedd6054f495d1a00b38234d6bf532fa3b1cb3ff0bcc24f8d?s=96&d=mm&r=g","caption":"Fredric Sk\u00e4lstad"},"description":"Fredric \u00e4r n\u00e4ringspolitisk chef p\u00e5 Kompetensf\u00f6retagen.","url":"https:\/\/www.utbildningsforetagen.se\/person\/fredricskalstad\/"}]}},"_links":{"self":[{"href":"https:\/\/www.utbildningsforetagen.se\/api\/wp\/v2\/posts\/1815","targetHints":{"allow":["GET"]}}],"collection":[{"href":"https:\/\/www.utbildningsforetagen.se\/api\/wp\/v2\/posts"}],"about":[{"href":"https:\/\/www.utbildningsforetagen.se\/api\/wp\/v2\/types\/post"}],"author":[{"embeddable":true,"href":"https:\/\/www.utbildningsforetagen.se\/api\/wp\/v2\/users\/222"}],"replies":[{"embeddable":true,"href":"https:\/\/www.utbildningsforetagen.se\/api\/wp\/v2\/comments?post=1815"}],"version-history":[{"count":4,"href":"https:\/\/www.utbildningsforetagen.se\/api\/wp\/v2\/posts\/1815\/revisions"}],"predecessor-version":[{"id":3893,"href":"https:\/\/www.utbildningsforetagen.se\/api\/wp\/v2\/posts\/1815\/revisions\/3893"}],"wp:featuredmedia":[{"embeddable":true,"href":"https:\/\/www.utbildningsforetagen.se\/api\/wp\/v2\/media\/1820"}],"wp:attachment":[{"href":"https:\/\/www.utbildningsforetagen.se\/api\/wp\/v2\/media?parent=1815"}],"wp:term":[{"taxonomy":"category","embeddable":true,"href":"https:\/\/www.utbildningsforetagen.se\/api\/wp\/v2\/categories?post=1815"},{"taxonomy":"post_tag","embeddable":true,"href":"https:\/\/www.utbildningsforetagen.se\/api\/wp\/v2\/tags?post=1815"},{"taxonomy":"type","embeddable":true,"href":"https:\/\/www.utbildningsforetagen.se\/api\/wp\/v2\/article_type?post=1815"},{"taxonomy":"agreement","embeddable":true,"href":"https:\/\/www.utbildningsforetagen.se\/api\/wp\/v2\/agreement?post=1815"},{"taxonomy":"for-members","embeddable":true,"href":"https:\/\/www.utbildningsforetagen.se\/api\/wp\/v2\/for-members?post=1815"}],"curies":[{"name":"wp","href":"https:\/\/api.w.org\/{rel}","templated":true}]}}