{"id":1798,"date":"2020-09-08T08:15:33","date_gmt":"2020-09-08T06:15:33","guid":{"rendered":"http:\/\/www.utbildningsforetagen.se\/?p=1798"},"modified":"2023-04-19T16:16:45","modified_gmt":"2023-04-19T14:16:45","slug":"jens_gronlund_nackademin","status":"publish","type":"post","link":"https:\/\/www.utbildningsforetagen.se\/2020\/09\/jens_gronlund_nackademin\/","title":{"rendered":"Jens Gr\u00f6nlund &#8211; Nackademin"},"content":{"rendered":"<p class=\"intro\">&#8221;Kvaliteten \u00e4r extremt viktig f\u00f6r <a href=\"https:\/\/nackademin.se\/\">Nackademin<\/a>. Genom auktorisationen f\u00e5r vi ytterligare en kvalitetsst\u00e4mpel. Den ger ocks\u00e5 en tydlig bild till v\u00e5ra studenter om vad de kan f\u00f6rv\u00e4nta sig av oss&#8221;. Det s\u00e4ger Jens Gr\u00f6nlund som \u00e4r aff\u00e4rsutvecklingschef p\u00e5 Nackademin.<\/p>\n\n<p><strong>Vad har du f\u00f6r bakgrund?<\/strong><br>\u2013 Jag har en l\u00e5ng bakgrund inom utbildningsbranschen d\u00e4r jag har arbetat som gymnasiel\u00e4rare och senare som rektor i flera \u00e5r. Har \u00e4ven arbetat som utbildningschef och adjunkt p\u00e5 l\u00e4rarutbildningen innan jag hamnade p\u00e5 Nackademin. P\u00e5 Nackademin arbetade jag f\u00f6rst som kvalitetschef, innan min nuvarande tj\u00e4nst som aff\u00e4rsutvecklingschef.<\/p>\n\n\n\n<p><strong>Vad \u00e4r drivkraften i ditt arbete?<\/strong><br>\u2013 Att dagligen f\u00e5 arbeta med att lyssna in olika branscher och f\u00f6retags utmaningar, n\u00e4r det g\u00e4ller kompetens och bemanning, och utifr\u00e5n detta kunna bidra med anpassade utbildningsinsatser g\u00f6r att man verkligen k\u00e4nner att man bidrar till utvecklingen av svenskt n\u00e4ringsliv p\u00e5 m\u00e5nga plan. Det \u00e4r en stor personlig drivkraft f\u00f6r mig. Att vi dessutom kraftigt \u00f6kar konkurrenskraften hos tusental individer k\u00e4nns extra bra.<\/p>\n\n\n\n<p><strong>Vad g\u00f6r ni p\u00e5 Nackademin?<\/strong><br>\u2013 Nackademin \u00e4r ett utbildningsf\u00f6retag som driver yrkesh\u00f6gskole- och utbildningar anpassade f\u00f6r f\u00f6retag. I dag erbjuder vi \u00f6ver 30 olika utbildningar inom omr\u00e5den som bygg, IT, kommunikation, Elteknik, v\u00e5rd, design och pedagogik. Vi har funnits i \u00f6ver 20 \u00e5r och har \u00f6ver 10 000 \u201dNackademister\u201d ute i svenskt n\u00e4ringsliv. Sedan n\u00e5gra \u00e5r tillbaka driver vi ocks\u00e5 f\u00f6retagsanpassade utbildningsinsatser som \u00e4r kopplade till specifika kompetenser. Exempel p\u00e5 dessa kan vara kurser inom Agilt ledarskap, Testautomation, Tillg\u00e4nglig UX och Datadriven marknadsf\u00f6ring. Det gemensamma f\u00f6r alla v\u00e5ra utbildningar\/kurser \u00e4r att de alla bidrar till att \u00f6ka kompetensen i omr\u00e5den d\u00e4r det f\u00f6r tillf\u00e4llet r\u00e5der stor kompetensbrist.<\/p>\n\n\n\n<p><strong>Varf\u00f6r \u00e4r auktorisationen viktig f\u00f6r Nackademin?<\/strong><br>\u2013 F\u00f6r oss \u00e4r kvaliteten i det vi levererar extremt viktigt. Genom v\u00e5ra yrkesh\u00f6gskoleutbildningar granskas vi kontinuerligt av Myndigheten f\u00f6r yrkesh\u00f6gskolan, vilket vi ger v\u00e5ra studenter en kvalitetsgaranti. Genom denna auktorisation f\u00e5r vi ytterligare en kvalitetsst\u00e4mpel och ger samtidigt en tydlig bild till alla \u00f6vriga kursdeltagare om vad de kan f\u00f6rv\u00e4nta sig n\u00e4r de l\u00e4ser en kurs hos oss p\u00e5 Nackademin, det vill s\u00e4ga en h\u00f6gkvalitativ utbildning\/kurs i omr\u00e5den d\u00e4r det r\u00e5der stor kompetensbrist.<\/p>\n\n\n\n<p><strong>Hur t\u00e4nker du om framtiden f\u00f6r branschen?<\/strong><br>\u2013 Covid-pandemin har verkligen inneburit m\u00e5nga utmaningar f\u00f6r flera olika branscher. Inte minst f\u00f6r utbildningsbranschen. Jag \u00e4r \u00f6vertygad om de omfattande digitala distansuppl\u00e4gg som vuxit extremt mycket under denna period \u00e4r h\u00e4r f\u00f6r att stanna. Sj\u00e4lvklart kommer vi att bedriva utbildning p\u00e5 plats ocks\u00e5, men v\u00e5r erfarenhet visar att v\u00e4ldigt m\u00e5nga uppskattar den flexibilitet som de digitala undervisningen medf\u00f6r. Vi ser ocks\u00e5 en trend i att yrkesverksamma har allt st\u00f6rre behov av up-skill\/re-skill sina kompetenser med hj\u00e4lp av kortare och v\u00e4ldigt nischade utbildningsinsatser. Att kunna g\u00e5 fr\u00e5n ett yrke till ett annat med st\u00f6d av riktade insatser blir allt viktigare i takt med en \u00f6kad automatisering och digitalisering. F\u00f6r oss i utbildningsbranschen \u00e4r det allts\u00e5 centralt att kunna tillhandah\u00e5lla dessa specifika, flexibla och anpassade utbildningsinsatser som tar m\u00e4nniskor fr\u00e5n en yrkesroll till en annan, utan allt f\u00f6r stor inverkan p\u00e5 hens vardagliga livssituation.<\/p>\n","protected":false},"excerpt":{"rendered":"<p>Vad har du f\u00f6r bakgrund?\u2013 Jag har en l\u00e5ng bakgrund inom utbildningsbranschen d\u00e4r jag har arbetat som gymnasiel\u00e4rare och senare som rektor i flera \u00e5r. Har \u00e4ven arbetat som utbildningschef och adjunkt p\u00e5 l\u00e4rarutbildningen innan &hellip;<\/p>\n","protected":false},"author":222,"featured_media":1799,"comment_status":"closed","ping_status":"closed","sticky":false,"template":"","format":"standard","meta":{"_acf_changed":false,"footnotes":""},"categories":[6],"tags":[],"article_type":[],"agreement":[],"for-members":[],"class_list":["post-1798","post","type-post","status-publish","format-standard","has-post-thumbnail","hentry","category-auktoriserat-medlemsforetag"],"acf":[],"yoast_head":"<!-- This site is optimized with the Yoast SEO plugin v26.8 - https:\/\/yoast.com\/product\/yoast-seo-wordpress\/ -->\n<title>Jens Gr\u00f6nlund - Nackademin - Utbildningsf\u00f6retagen<\/title>\n<meta name=\"robots\" content=\"index, follow, max-snippet:-1, max-image-preview:large, max-video-preview:-1\" \/>\n<link rel=\"canonical\" href=\"https:\/\/www.utbildningsforetagen.se\/2020\/09\/jens_gronlund_nackademin\/\" \/>\n<meta property=\"og:locale\" content=\"sv_SE\" \/>\n<meta property=\"og:type\" content=\"article\" \/>\n<meta property=\"og:title\" content=\"Jens Gr\u00f6nlund - Nackademin - Utbildningsf\u00f6retagen\" \/>\n<meta property=\"og:description\" content=\"Vad har du f\u00f6r bakgrund?\u2013 Jag har en l\u00e5ng bakgrund inom utbildningsbranschen d\u00e4r jag har arbetat som gymnasiel\u00e4rare och senare som rektor i flera \u00e5r. Har \u00e4ven arbetat som utbildningschef och adjunkt p\u00e5 l\u00e4rarutbildningen innan &hellip;\" \/>\n<meta property=\"og:url\" content=\"https:\/\/www.utbildningsforetagen.se\/2020\/09\/jens_gronlund_nackademin\/\" \/>\n<meta property=\"og:site_name\" content=\"Utbildningsf\u00f6retagen\" \/>\n<meta property=\"article:published_time\" content=\"2020-09-08T06:15:33+00:00\" \/>\n<meta property=\"article:modified_time\" content=\"2023-04-19T14:16:45+00:00\" \/>\n<meta property=\"og:image\" content=\"https:\/\/www.utbildningsforetagen.se\/app\/uploads\/sites\/7\/2020\/09\/jens-gronlund-nackademin.jpg\" \/>\n\t<meta property=\"og:image:width\" content=\"2077\" \/>\n\t<meta property=\"og:image:height\" content=\"2399\" \/>\n\t<meta property=\"og:image:type\" content=\"image\/jpeg\" \/>\n<meta name=\"author\" content=\"Fredric Sk\u00e4lstad\" \/>\n<meta name=\"twitter:card\" content=\"summary_large_image\" \/>\n<meta name=\"twitter:label1\" content=\"Skriven av\" \/>\n\t<meta name=\"twitter:data1\" content=\"Fredric Sk\u00e4lstad\" \/>\n\t<meta name=\"twitter:label2\" content=\"Ber\u00e4knad l\u00e4stid\" \/>\n\t<meta name=\"twitter:data2\" content=\"3 minuter\" \/>\n<!-- \/ Yoast SEO plugin. -->","yoast_head_json":{"title":"Jens Gr\u00f6nlund - Nackademin - Utbildningsf\u00f6retagen","robots":{"index":"index","follow":"follow","max-snippet":"max-snippet:-1","max-image-preview":"max-image-preview:large","max-video-preview":"max-video-preview:-1"},"canonical":"https:\/\/www.utbildningsforetagen.se\/2020\/09\/jens_gronlund_nackademin\/","og_locale":"sv_SE","og_type":"article","og_title":"Jens Gr\u00f6nlund - Nackademin - Utbildningsf\u00f6retagen","og_description":"Vad har du f\u00f6r bakgrund?\u2013 Jag har en l\u00e5ng bakgrund inom utbildningsbranschen d\u00e4r jag har arbetat som gymnasiel\u00e4rare och senare som rektor i flera \u00e5r. Har \u00e4ven arbetat som utbildningschef och adjunkt p\u00e5 l\u00e4rarutbildningen innan &hellip;","og_url":"https:\/\/www.utbildningsforetagen.se\/2020\/09\/jens_gronlund_nackademin\/","og_site_name":"Utbildningsf\u00f6retagen","article_published_time":"2020-09-08T06:15:33+00:00","article_modified_time":"2023-04-19T14:16:45+00:00","og_image":[{"width":2077,"height":2399,"url":"https:\/\/www.utbildningsforetagen.se\/app\/uploads\/sites\/7\/2020\/09\/jens-gronlund-nackademin.jpg","type":"image\/jpeg"}],"author":"Fredric Sk\u00e4lstad","twitter_card":"summary_large_image","twitter_misc":{"Skriven av":"Fredric Sk\u00e4lstad","Ber\u00e4knad l\u00e4stid":"3 minuter"},"schema":{"@context":"https:\/\/schema.org","@graph":[{"@type":"Article","@id":"https:\/\/www.utbildningsforetagen.se\/2020\/09\/jens_gronlund_nackademin\/#article","isPartOf":{"@id":"https:\/\/www.utbildningsforetagen.se\/2020\/09\/jens_gronlund_nackademin\/"},"author":{"name":"Fredric Sk\u00e4lstad","@id":"https:\/\/www.utbildningsforetagen.se\/#\/schema\/person\/72cd48bb411dea15e40f11d726e9eeeb"},"headline":"Jens Gr\u00f6nlund &#8211; Nackademin","datePublished":"2020-09-08T06:15:33+00:00","dateModified":"2023-04-19T14:16:45+00:00","mainEntityOfPage":{"@id":"https:\/\/www.utbildningsforetagen.se\/2020\/09\/jens_gronlund_nackademin\/"},"wordCount":539,"image":{"@id":"https:\/\/www.utbildningsforetagen.se\/2020\/09\/jens_gronlund_nackademin\/#primaryimage"},"thumbnailUrl":"https:\/\/www.utbildningsforetagen.se\/app\/uploads\/sites\/7\/2020\/09\/jens-gronlund-nackademin.jpg","articleSection":["Auktoriserat medlemsf\u00f6retag"],"inLanguage":"sv-SE"},{"@type":"WebPage","@id":"https:\/\/www.utbildningsforetagen.se\/2020\/09\/jens_gronlund_nackademin\/","url":"https:\/\/www.utbildningsforetagen.se\/2020\/09\/jens_gronlund_nackademin\/","name":"Jens Gr\u00f6nlund - Nackademin - Utbildningsf\u00f6retagen","isPartOf":{"@id":"https:\/\/www.utbildningsforetagen.se\/#website"},"primaryImageOfPage":{"@id":"https:\/\/www.utbildningsforetagen.se\/2020\/09\/jens_gronlund_nackademin\/#primaryimage"},"image":{"@id":"https:\/\/www.utbildningsforetagen.se\/2020\/09\/jens_gronlund_nackademin\/#primaryimage"},"thumbnailUrl":"https:\/\/www.utbildningsforetagen.se\/app\/uploads\/sites\/7\/2020\/09\/jens-gronlund-nackademin.jpg","datePublished":"2020-09-08T06:15:33+00:00","dateModified":"2023-04-19T14:16:45+00:00","author":{"@id":"https:\/\/www.utbildningsforetagen.se\/#\/schema\/person\/72cd48bb411dea15e40f11d726e9eeeb"},"breadcrumb":{"@id":"https:\/\/www.utbildningsforetagen.se\/2020\/09\/jens_gronlund_nackademin\/#breadcrumb"},"inLanguage":"sv-SE","potentialAction":[{"@type":"ReadAction","target":["https:\/\/www.utbildningsforetagen.se\/2020\/09\/jens_gronlund_nackademin\/"]}]},{"@type":"ImageObject","inLanguage":"sv-SE","@id":"https:\/\/www.utbildningsforetagen.se\/2020\/09\/jens_gronlund_nackademin\/#primaryimage","url":"https:\/\/www.utbildningsforetagen.se\/app\/uploads\/sites\/7\/2020\/09\/jens-gronlund-nackademin.jpg","contentUrl":"https:\/\/www.utbildningsforetagen.se\/app\/uploads\/sites\/7\/2020\/09\/jens-gronlund-nackademin.jpg","width":2077,"height":2399},{"@type":"BreadcrumbList","@id":"https:\/\/www.utbildningsforetagen.se\/2020\/09\/jens_gronlund_nackademin\/#breadcrumb","itemListElement":[{"@type":"ListItem","position":1,"name":"Home","item":"https:\/\/www.utbildningsforetagen.se\/"},{"@type":"ListItem","position":2,"name":"Jens Gr\u00f6nlund &#8211; Nackademin"}]},{"@type":"WebSite","@id":"https:\/\/www.utbildningsforetagen.se\/#website","url":"https:\/\/www.utbildningsforetagen.se\/","name":"Utbildningsf\u00f6retagen","description":"","potentialAction":[{"@type":"SearchAction","target":{"@type":"EntryPoint","urlTemplate":"https:\/\/www.utbildningsforetagen.se\/?s={search_term_string}"},"query-input":{"@type":"PropertyValueSpecification","valueRequired":true,"valueName":"search_term_string"}}],"inLanguage":"sv-SE"},{"@type":"Person","@id":"https:\/\/www.utbildningsforetagen.se\/#\/schema\/person\/72cd48bb411dea15e40f11d726e9eeeb","name":"Fredric Sk\u00e4lstad","image":{"@type":"ImageObject","inLanguage":"sv-SE","@id":"https:\/\/www.utbildningsforetagen.se\/#\/schema\/person\/image\/","url":"https:\/\/secure.gravatar.com\/avatar\/64f20bf3ac13c78aedd6054f495d1a00b38234d6bf532fa3b1cb3ff0bcc24f8d?s=96&d=mm&r=g","contentUrl":"https:\/\/secure.gravatar.com\/avatar\/64f20bf3ac13c78aedd6054f495d1a00b38234d6bf532fa3b1cb3ff0bcc24f8d?s=96&d=mm&r=g","caption":"Fredric Sk\u00e4lstad"},"description":"Fredric \u00e4r n\u00e4ringspolitisk chef p\u00e5 Kompetensf\u00f6retagen.","url":"https:\/\/www.utbildningsforetagen.se\/person\/fredricskalstad\/"}]}},"_links":{"self":[{"href":"https:\/\/www.utbildningsforetagen.se\/api\/wp\/v2\/posts\/1798","targetHints":{"allow":["GET"]}}],"collection":[{"href":"https:\/\/www.utbildningsforetagen.se\/api\/wp\/v2\/posts"}],"about":[{"href":"https:\/\/www.utbildningsforetagen.se\/api\/wp\/v2\/types\/post"}],"author":[{"embeddable":true,"href":"https:\/\/www.utbildningsforetagen.se\/api\/wp\/v2\/users\/222"}],"replies":[{"embeddable":true,"href":"https:\/\/www.utbildningsforetagen.se\/api\/wp\/v2\/comments?post=1798"}],"version-history":[{"count":3,"href":"https:\/\/www.utbildningsforetagen.se\/api\/wp\/v2\/posts\/1798\/revisions"}],"predecessor-version":[{"id":3876,"href":"https:\/\/www.utbildningsforetagen.se\/api\/wp\/v2\/posts\/1798\/revisions\/3876"}],"wp:featuredmedia":[{"embeddable":true,"href":"https:\/\/www.utbildningsforetagen.se\/api\/wp\/v2\/media\/1799"}],"wp:attachment":[{"href":"https:\/\/www.utbildningsforetagen.se\/api\/wp\/v2\/media?parent=1798"}],"wp:term":[{"taxonomy":"category","embeddable":true,"href":"https:\/\/www.utbildningsforetagen.se\/api\/wp\/v2\/categories?post=1798"},{"taxonomy":"post_tag","embeddable":true,"href":"https:\/\/www.utbildningsforetagen.se\/api\/wp\/v2\/tags?post=1798"},{"taxonomy":"type","embeddable":true,"href":"https:\/\/www.utbildningsforetagen.se\/api\/wp\/v2\/article_type?post=1798"},{"taxonomy":"agreement","embeddable":true,"href":"https:\/\/www.utbildningsforetagen.se\/api\/wp\/v2\/agreement?post=1798"},{"taxonomy":"for-members","embeddable":true,"href":"https:\/\/www.utbildningsforetagen.se\/api\/wp\/v2\/for-members?post=1798"}],"curies":[{"name":"wp","href":"https:\/\/api.w.org\/{rel}","templated":true}]}}