{"id":1520,"date":"2019-03-12T11:07:49","date_gmt":"2019-03-12T10:07:49","guid":{"rendered":"http:\/\/www.utbildningsforetagen.se\/?p=1520"},"modified":"2023-04-19T16:10:25","modified_gmt":"2023-04-19T14:10:25","slug":"birgitta-fitzpatrick-alea-kompetens","status":"publish","type":"post","link":"https:\/\/www.utbildningsforetagen.se\/2019\/03\/birgitta-fitzpatrick-alea-kompetens\/","title":{"rendered":"Birgitta Fitzpatrick, ALEA Kompetens"},"content":{"rendered":"<p class=\"intro\">&#8221;Vi p\u00e5 <a href=\"https:\/\/aleakompetens.se\/\">ALEA Kompetens<\/a> vill visa att vi tar v\u00e5ra uppdrag p\u00e5 fullt allvar. D\u00e4rf\u00f6r \u00e4r Utbildningsf\u00f6retagens auktorisation viktig&#8221;. Det s\u00e4ger Birgitta Fitzpatrick, skolchef p\u00e5 ALEA Kompetensh\u00f6jning AB.<\/p>\n\n<p><strong>Vad har du f\u00f6r bakgrund?<\/strong><br>\u2013 Jag har varit yrkesverksam inom vuxenutbildningsbranschen i ca 25 \u00e5r med start som studiecirkelledare i engelska till rollen som skolchef f\u00f6r ALEA. Jag arbetar framf\u00f6r allt p\u00e5 uppdrag av Arbetsf\u00f6rmedlingen och kommuner.<\/p>\n\n\n\n<p><strong>Vad \u00e4r din drivkraft i ditt arbete?<\/strong><br>\u2013 Min drivkraft \u00e4r att k\u00e4nna stolthet \u00f6ver att vi levererar det vi lovar.<\/p>\n\n\n\n<p><strong>Vad g\u00f6r ni p\u00e5 Alea?<\/strong><br>\u2013 Vi arbetar framf\u00f6rallt p\u00e5 uppdrag av Arbetsf\u00f6rmedlingen och kommuner med olika utbildningsinsatser och inom kommunal vuxenutbildning.<\/p>\n\n\n\n<p><strong>Varf\u00f6r \u00e4r auktorisationen viktig f\u00f6r ditt f\u00f6retag?<\/strong><br>\u2013 Vi vill visa att vi tar v\u00e5ra uppdrag p\u00e5 fullt allvar.<\/p>\n\n\n\n<p><strong>Hur t\u00e4nker du om framtiden f\u00f6r branschen?<\/strong><br>\u2013 Vi lever i en tid d\u00e4r livsl\u00e5ngt l\u00e4rande \u00e4r viktigt och alltfler m\u00e4nniskor byter yrkesinriktningar flera g\u00e5nger under sitt yrkesverksamma liv. D\u00e4rf\u00f6r beh\u00f6vs vuxenutbildning!<\/p>\n","protected":false},"excerpt":{"rendered":"<p>Vad har du f\u00f6r bakgrund?\u2013 Jag har varit yrkesverksam inom vuxenutbildningsbranschen i ca 25 \u00e5r med start som studiecirkelledare i engelska till rollen som skolchef f\u00f6r ALEA. Jag arbetar framf\u00f6r allt p\u00e5 uppdrag av Arbetsf\u00f6rmedlingen &hellip;<\/p>\n","protected":false},"author":222,"featured_media":1521,"comment_status":"closed","ping_status":"closed","sticky":false,"template":"","format":"standard","meta":{"_acf_changed":false,"footnotes":""},"categories":[6],"tags":[],"article_type":[],"agreement":[],"for-members":[],"class_list":["post-1520","post","type-post","status-publish","format-standard","has-post-thumbnail","hentry","category-auktoriserat-medlemsforetag"],"acf":[],"yoast_head":"<!-- This site is optimized with the Yoast SEO plugin v26.8 - https:\/\/yoast.com\/product\/yoast-seo-wordpress\/ -->\n<title>Birgitta Fitzpatrick, ALEA Kompetens - Utbildningsf\u00f6retagen<\/title>\n<meta name=\"robots\" content=\"index, follow, max-snippet:-1, max-image-preview:large, max-video-preview:-1\" \/>\n<link rel=\"canonical\" href=\"https:\/\/www.utbildningsforetagen.se\/2019\/03\/birgitta-fitzpatrick-alea-kompetens\/\" \/>\n<meta property=\"og:locale\" content=\"sv_SE\" \/>\n<meta property=\"og:type\" content=\"article\" \/>\n<meta property=\"og:title\" content=\"Birgitta Fitzpatrick, ALEA Kompetens - Utbildningsf\u00f6retagen\" \/>\n<meta property=\"og:description\" content=\"Vad har du f\u00f6r bakgrund?\u2013 Jag har varit yrkesverksam inom vuxenutbildningsbranschen i ca 25 \u00e5r med start som studiecirkelledare i engelska till rollen som skolchef f\u00f6r ALEA. Jag arbetar framf\u00f6r allt p\u00e5 uppdrag av Arbetsf\u00f6rmedlingen &hellip;\" \/>\n<meta property=\"og:url\" content=\"https:\/\/www.utbildningsforetagen.se\/2019\/03\/birgitta-fitzpatrick-alea-kompetens\/\" \/>\n<meta property=\"og:site_name\" content=\"Utbildningsf\u00f6retagen\" \/>\n<meta property=\"article:published_time\" content=\"2019-03-12T10:07:49+00:00\" \/>\n<meta property=\"article:modified_time\" content=\"2023-04-19T14:10:25+00:00\" \/>\n<meta property=\"og:image\" content=\"https:\/\/www.utbildningsforetagen.se\/app\/uploads\/sites\/7\/2019\/03\/birgitta-fitzpatrick.jpg\" \/>\n\t<meta property=\"og:image:width\" content=\"633\" \/>\n\t<meta property=\"og:image:height\" content=\"1002\" \/>\n\t<meta property=\"og:image:type\" content=\"image\/jpeg\" \/>\n<meta name=\"author\" content=\"Fredric Sk\u00e4lstad\" \/>\n<meta name=\"twitter:card\" content=\"summary_large_image\" \/>\n<meta name=\"twitter:label1\" content=\"Skriven av\" \/>\n\t<meta name=\"twitter:data1\" content=\"Fredric Sk\u00e4lstad\" \/>\n\t<meta name=\"twitter:label2\" content=\"Ber\u00e4knad l\u00e4stid\" \/>\n\t<meta name=\"twitter:data2\" content=\"1 minut\" \/>\n<!-- \/ Yoast SEO plugin. -->","yoast_head_json":{"title":"Birgitta Fitzpatrick, ALEA Kompetens - Utbildningsf\u00f6retagen","robots":{"index":"index","follow":"follow","max-snippet":"max-snippet:-1","max-image-preview":"max-image-preview:large","max-video-preview":"max-video-preview:-1"},"canonical":"https:\/\/www.utbildningsforetagen.se\/2019\/03\/birgitta-fitzpatrick-alea-kompetens\/","og_locale":"sv_SE","og_type":"article","og_title":"Birgitta Fitzpatrick, ALEA Kompetens - Utbildningsf\u00f6retagen","og_description":"Vad har du f\u00f6r bakgrund?\u2013 Jag har varit yrkesverksam inom vuxenutbildningsbranschen i ca 25 \u00e5r med start som studiecirkelledare i engelska till rollen som skolchef f\u00f6r ALEA. Jag arbetar framf\u00f6r allt p\u00e5 uppdrag av Arbetsf\u00f6rmedlingen &hellip;","og_url":"https:\/\/www.utbildningsforetagen.se\/2019\/03\/birgitta-fitzpatrick-alea-kompetens\/","og_site_name":"Utbildningsf\u00f6retagen","article_published_time":"2019-03-12T10:07:49+00:00","article_modified_time":"2023-04-19T14:10:25+00:00","og_image":[{"width":633,"height":1002,"url":"https:\/\/www.utbildningsforetagen.se\/app\/uploads\/sites\/7\/2019\/03\/birgitta-fitzpatrick.jpg","type":"image\/jpeg"}],"author":"Fredric Sk\u00e4lstad","twitter_card":"summary_large_image","twitter_misc":{"Skriven av":"Fredric Sk\u00e4lstad","Ber\u00e4knad l\u00e4stid":"1 minut"},"schema":{"@context":"https:\/\/schema.org","@graph":[{"@type":"Article","@id":"https:\/\/www.utbildningsforetagen.se\/2019\/03\/birgitta-fitzpatrick-alea-kompetens\/#article","isPartOf":{"@id":"https:\/\/www.utbildningsforetagen.se\/2019\/03\/birgitta-fitzpatrick-alea-kompetens\/"},"author":{"name":"Fredric Sk\u00e4lstad","@id":"https:\/\/www.utbildningsforetagen.se\/#\/schema\/person\/72cd48bb411dea15e40f11d726e9eeeb"},"headline":"Birgitta Fitzpatrick, ALEA Kompetens","datePublished":"2019-03-12T10:07:49+00:00","dateModified":"2023-04-19T14:10:25+00:00","mainEntityOfPage":{"@id":"https:\/\/www.utbildningsforetagen.se\/2019\/03\/birgitta-fitzpatrick-alea-kompetens\/"},"wordCount":152,"image":{"@id":"https:\/\/www.utbildningsforetagen.se\/2019\/03\/birgitta-fitzpatrick-alea-kompetens\/#primaryimage"},"thumbnailUrl":"https:\/\/www.utbildningsforetagen.se\/app\/uploads\/sites\/7\/2019\/03\/birgitta-fitzpatrick.jpg","articleSection":["Auktoriserat medlemsf\u00f6retag"],"inLanguage":"sv-SE"},{"@type":"WebPage","@id":"https:\/\/www.utbildningsforetagen.se\/2019\/03\/birgitta-fitzpatrick-alea-kompetens\/","url":"https:\/\/www.utbildningsforetagen.se\/2019\/03\/birgitta-fitzpatrick-alea-kompetens\/","name":"Birgitta Fitzpatrick, ALEA Kompetens - Utbildningsf\u00f6retagen","isPartOf":{"@id":"https:\/\/www.utbildningsforetagen.se\/#website"},"primaryImageOfPage":{"@id":"https:\/\/www.utbildningsforetagen.se\/2019\/03\/birgitta-fitzpatrick-alea-kompetens\/#primaryimage"},"image":{"@id":"https:\/\/www.utbildningsforetagen.se\/2019\/03\/birgitta-fitzpatrick-alea-kompetens\/#primaryimage"},"thumbnailUrl":"https:\/\/www.utbildningsforetagen.se\/app\/uploads\/sites\/7\/2019\/03\/birgitta-fitzpatrick.jpg","datePublished":"2019-03-12T10:07:49+00:00","dateModified":"2023-04-19T14:10:25+00:00","author":{"@id":"https:\/\/www.utbildningsforetagen.se\/#\/schema\/person\/72cd48bb411dea15e40f11d726e9eeeb"},"breadcrumb":{"@id":"https:\/\/www.utbildningsforetagen.se\/2019\/03\/birgitta-fitzpatrick-alea-kompetens\/#breadcrumb"},"inLanguage":"sv-SE","potentialAction":[{"@type":"ReadAction","target":["https:\/\/www.utbildningsforetagen.se\/2019\/03\/birgitta-fitzpatrick-alea-kompetens\/"]}]},{"@type":"ImageObject","inLanguage":"sv-SE","@id":"https:\/\/www.utbildningsforetagen.se\/2019\/03\/birgitta-fitzpatrick-alea-kompetens\/#primaryimage","url":"https:\/\/www.utbildningsforetagen.se\/app\/uploads\/sites\/7\/2019\/03\/birgitta-fitzpatrick.jpg","contentUrl":"https:\/\/www.utbildningsforetagen.se\/app\/uploads\/sites\/7\/2019\/03\/birgitta-fitzpatrick.jpg","width":633,"height":1002},{"@type":"BreadcrumbList","@id":"https:\/\/www.utbildningsforetagen.se\/2019\/03\/birgitta-fitzpatrick-alea-kompetens\/#breadcrumb","itemListElement":[{"@type":"ListItem","position":1,"name":"Home","item":"https:\/\/www.utbildningsforetagen.se\/"},{"@type":"ListItem","position":2,"name":"Birgitta Fitzpatrick, ALEA Kompetens"}]},{"@type":"WebSite","@id":"https:\/\/www.utbildningsforetagen.se\/#website","url":"https:\/\/www.utbildningsforetagen.se\/","name":"Utbildningsf\u00f6retagen","description":"","potentialAction":[{"@type":"SearchAction","target":{"@type":"EntryPoint","urlTemplate":"https:\/\/www.utbildningsforetagen.se\/?s={search_term_string}"},"query-input":{"@type":"PropertyValueSpecification","valueRequired":true,"valueName":"search_term_string"}}],"inLanguage":"sv-SE"},{"@type":"Person","@id":"https:\/\/www.utbildningsforetagen.se\/#\/schema\/person\/72cd48bb411dea15e40f11d726e9eeeb","name":"Fredric Sk\u00e4lstad","image":{"@type":"ImageObject","inLanguage":"sv-SE","@id":"https:\/\/www.utbildningsforetagen.se\/#\/schema\/person\/image\/","url":"https:\/\/secure.gravatar.com\/avatar\/64f20bf3ac13c78aedd6054f495d1a00b38234d6bf532fa3b1cb3ff0bcc24f8d?s=96&d=mm&r=g","contentUrl":"https:\/\/secure.gravatar.com\/avatar\/64f20bf3ac13c78aedd6054f495d1a00b38234d6bf532fa3b1cb3ff0bcc24f8d?s=96&d=mm&r=g","caption":"Fredric Sk\u00e4lstad"},"description":"Fredric \u00e4r n\u00e4ringspolitisk chef p\u00e5 Kompetensf\u00f6retagen.","url":"https:\/\/www.utbildningsforetagen.se\/person\/fredricskalstad\/"}]}},"_links":{"self":[{"href":"https:\/\/www.utbildningsforetagen.se\/api\/wp\/v2\/posts\/1520","targetHints":{"allow":["GET"]}}],"collection":[{"href":"https:\/\/www.utbildningsforetagen.se\/api\/wp\/v2\/posts"}],"about":[{"href":"https:\/\/www.utbildningsforetagen.se\/api\/wp\/v2\/types\/post"}],"author":[{"embeddable":true,"href":"https:\/\/www.utbildningsforetagen.se\/api\/wp\/v2\/users\/222"}],"replies":[{"embeddable":true,"href":"https:\/\/www.utbildningsforetagen.se\/api\/wp\/v2\/comments?post=1520"}],"version-history":[{"count":3,"href":"https:\/\/www.utbildningsforetagen.se\/api\/wp\/v2\/posts\/1520\/revisions"}],"predecessor-version":[{"id":3865,"href":"https:\/\/www.utbildningsforetagen.se\/api\/wp\/v2\/posts\/1520\/revisions\/3865"}],"wp:featuredmedia":[{"embeddable":true,"href":"https:\/\/www.utbildningsforetagen.se\/api\/wp\/v2\/media\/1521"}],"wp:attachment":[{"href":"https:\/\/www.utbildningsforetagen.se\/api\/wp\/v2\/media?parent=1520"}],"wp:term":[{"taxonomy":"category","embeddable":true,"href":"https:\/\/www.utbildningsforetagen.se\/api\/wp\/v2\/categories?post=1520"},{"taxonomy":"post_tag","embeddable":true,"href":"https:\/\/www.utbildningsforetagen.se\/api\/wp\/v2\/tags?post=1520"},{"taxonomy":"type","embeddable":true,"href":"https:\/\/www.utbildningsforetagen.se\/api\/wp\/v2\/article_type?post=1520"},{"taxonomy":"agreement","embeddable":true,"href":"https:\/\/www.utbildningsforetagen.se\/api\/wp\/v2\/agreement?post=1520"},{"taxonomy":"for-members","embeddable":true,"href":"https:\/\/www.utbildningsforetagen.se\/api\/wp\/v2\/for-members?post=1520"}],"curies":[{"name":"wp","href":"https:\/\/api.w.org\/{rel}","templated":true}]}}